{"id":93,"date":"2023-04-30T15:10:25","date_gmt":"2023-04-30T22:10:25","guid":{"rendered":"https:\/\/artefactonoticias.com\/?p=93"},"modified":"2023-04-30T15:10:42","modified_gmt":"2023-04-30T22:10:42","slug":"celebra-corporacion-caliente-a-los-ninos","status":"publish","type":"post","link":"https:\/\/artefactonoticias.com\/index.php\/2023\/04\/30\/celebra-corporacion-caliente-a-los-ninos\/","title":{"rendered":"CELEBRA CORPORACI\u00d3N CALIENTE A LOS NI\u00d1OS"},"content":{"rendered":"\n<figure class=\"wp-block-image size-large\"><img loading=\"lazy\" decoding=\"async\" width=\"300\" height=\"200\" src=\"https:\/\/artefactonoticias.com\/wp-content\/uploads\/2023\/04\/IMG-20230430-WA0037-300x200.jpg\" alt=\"\" class=\"wp-image-91\" srcset=\"https:\/\/artefactonoticias.com\/wp-content\/uploads\/2023\/04\/IMG-20230430-WA0037-300x200.jpg 300w, https:\/\/artefactonoticias.com\/wp-content\/uploads\/2023\/04\/IMG-20230430-WA0037-768x512.jpg 768w, https:\/\/artefactonoticias.com\/wp-content\/uploads\/2023\/04\/IMG-20230430-WA0037.jpg 1024w\" sizes=\"auto, (max-width: 300px) 100vw, 300px\" \/><\/figure>\n\n\n\n<p><\/p>\n\n\n\n<ul class=\"wp-block-list\">\n<li><strong>M\u00e1s de 10 mil personas asistieron a la celebraci\u00f3n este domingo.<\/strong><\/li>\n\n\n\n<li><strong>M\u00fasica, regalos, bailes, dulces y alegr\u00eda caracterizaron el evento.<\/strong><\/li>\n<\/ul>\n\n\n\n<p>Festejar a los ni\u00f1os en un d\u00eda tan especial como 30 de abril es una prioridad para Corporaci\u00f3n Caliente que desde hace 38 a\u00f1os convirti\u00f3 en tradici\u00f3n en esta ciudad fronteriza. As\u00ed lo expres\u00f3 el presidente del Consejo de administraci\u00f3n de esta empresa, ingeniero Jorge Hank Rhon al precisar que s\u00f3lo en tres ocasiones y debido a emergencias sanitarias, &nbsp;esta celebraci\u00f3n se ha interrumpido \u201clo que no ha sido una limitante para que reconozcamos en los menores el motor que impulsa a una naci\u00f3n\u201d.<\/p>\n\n\n\n<p>En presencia de m\u00e1s de 12 mil asistentes esta ma\u00f1ana se llev\u00f3 a cabo el tradicional festival <em>D\u00eda del ni\u00f1o <\/em>en el que adem\u00e1s de diversi\u00f3n, juegos, regalos, m\u00fasica, brincolines, golosinas, pasteles, bailables, Corporaci\u00f3n Caliente puso a disposici\u00f3n de los tijuanenses m\u00f3dulos de vacunaci\u00f3n, asesor\u00eda jur\u00eddica y atenci\u00f3n psicol\u00f3gica, entre muchos otros servicios que fueron aprovechados por los asistentes.<\/p>\n\n\n\n<p>Con respecto a los derechos de los ni\u00f1os en nuestro pa\u00eds, Hank Rhon dijo que es lamentable que en la actualidad muchos de ellos, sean vulnerados, por lo que dijo que el gobierno, empresarios y la sociedad en general deben esforzarse por proveerles educaci\u00f3n y salud, como dos de las principales garant\u00edas individuales asentadas el Carta Magna.<\/p>\n\n\n\n<p><\/p>\n\n\n\n<figure class=\"wp-block-image size-large\"><img loading=\"lazy\" decoding=\"async\" width=\"300\" height=\"200\" src=\"https:\/\/artefactonoticias.com\/wp-content\/uploads\/2023\/04\/IMG-20230430-WA0038-300x200.jpg\" alt=\"\" class=\"wp-image-92\" srcset=\"https:\/\/artefactonoticias.com\/wp-content\/uploads\/2023\/04\/IMG-20230430-WA0038-300x200.jpg 300w, https:\/\/artefactonoticias.com\/wp-content\/uploads\/2023\/04\/IMG-20230430-WA0038-768x512.jpg 768w, https:\/\/artefactonoticias.com\/wp-content\/uploads\/2023\/04\/IMG-20230430-WA0038.jpg 1024w\" sizes=\"auto, (max-width: 300px) 100vw, 300px\" \/><\/figure>\n\n\n\n<p>En ese sentido, el empresario tijuanense se dijo satisfecho de tener los recursos, el personal y la log\u00edstica suficiente para celebrar fechas tan importantes como este d\u00eda, 10 de mayo, 06 de enero y muchas otras que ya son una tradici\u00f3n para su corporativo.<\/p>\n\n\n\n<p>La entrada fue gratuita para todos los asistentes, en tanto que al arribo los menores recibieron dulces y boletos para participar en la rifa de bicicletas, para aquellos que no resultaron beneficiados con los sorteos, lo canjearon por otros juguetes, adem\u00e1s se cont\u00f3 con la presencia del Nina Olim\u00f3n, el show de Beli y Beto, el concierto de Disney a cargo de Poing Infantiles, el mago Ruly, C\u00f3roco y su pandilla, entre muchos otros m\u00e1s.<\/p>\n\n\n\n<p> Por \u00faltimo, Hank Rhon manifest\u00f3 que como todos los a\u00f1os \u201cver sonre\u00edr a miles de ni\u00f1os al un\u00edsono es una motivaci\u00f3n para continuar con estos festejos y hacer todo a nuestro alcance por llevarles momentos de sana diversi\u00f3n\u201d.<\/p>\n","protected":false},"excerpt":{"rendered":"<p>Festejar a los ni\u00f1os en un d\u00eda tan especial como 30 de abril es una&#8230;<\/p>\n","protected":false},"author":2,"featured_media":0,"comment_status":"open","ping_status":"open","sticky":false,"template":"","format":"standard","meta":{"om_disable_all_campaigns":false,"_monsterinsights_skip_tracking":false,"_monsterinsights_sitenote_active":false,"_monsterinsights_sitenote_note":"","_monsterinsights_sitenote_category":0,"_jetpack_memberships_contains_paid_content":false,"footnotes":""},"categories":[1],"tags":[],"class_list":["post-93","post","type-post","status-publish","format-standard","hentry","category-sin-categoria"],"aioseo_notices":[],"jetpack_featured_media_url":"","jetpack_sharing_enabled":true,"_links":{"self":[{"href":"https:\/\/artefactonoticias.com\/index.php\/wp-json\/wp\/v2\/posts\/93","targetHints":{"allow":["GET"]}}],"collection":[{"href":"https:\/\/artefactonoticias.com\/index.php\/wp-json\/wp\/v2\/posts"}],"about":[{"href":"https:\/\/artefactonoticias.com\/index.php\/wp-json\/wp\/v2\/types\/post"}],"author":[{"embeddable":true,"href":"https:\/\/artefactonoticias.com\/index.php\/wp-json\/wp\/v2\/users\/2"}],"replies":[{"embeddable":true,"href":"https:\/\/artefactonoticias.com\/index.php\/wp-json\/wp\/v2\/comments?post=93"}],"version-history":[{"count":1,"href":"https:\/\/artefactonoticias.com\/index.php\/wp-json\/wp\/v2\/posts\/93\/revisions"}],"predecessor-version":[{"id":94,"href":"https:\/\/artefactonoticias.com\/index.php\/wp-json\/wp\/v2\/posts\/93\/revisions\/94"}],"wp:attachment":[{"href":"https:\/\/artefactonoticias.com\/index.php\/wp-json\/wp\/v2\/media?parent=93"}],"wp:term":[{"taxonomy":"category","embeddable":true,"href":"https:\/\/artefactonoticias.com\/index.php\/wp-json\/wp\/v2\/categories?post=93"},{"taxonomy":"post_tag","embeddable":true,"href":"https:\/\/artefactonoticias.com\/index.php\/wp-json\/wp\/v2\/tags?post=93"}],"curies":[{"name":"wp","href":"https:\/\/api.w.org\/{rel}","templated":true}]}}