{"id":877,"date":"2024-03-10T17:52:10","date_gmt":"2024-03-11T00:52:10","guid":{"rendered":"https:\/\/artefactonoticias.com\/?p=877"},"modified":"2024-03-10T17:52:16","modified_gmt":"2024-03-11T00:52:16","slug":"recorre-julieta-ramirez-el-valle-de-mexicali","status":"publish","type":"post","link":"https:\/\/artefactonoticias.com\/index.php\/2024\/03\/10\/recorre-julieta-ramirez-el-valle-de-mexicali\/","title":{"rendered":"RECORRE JULIETA RAM\u00cdREZ EL VALLE DE MEXICALI"},"content":{"rendered":"\n<figure class=\"wp-block-image size-large\"><img loading=\"lazy\" decoding=\"async\" width=\"1024\" height=\"768\" src=\"https:\/\/artefactonoticias.com\/wp-content\/uploads\/2024\/03\/IMG-20240310-WA0005-1024x768.jpg\" alt=\"\" class=\"wp-image-876\" srcset=\"https:\/\/artefactonoticias.com\/wp-content\/uploads\/2024\/03\/IMG-20240310-WA0005-1024x768.jpg 1024w, https:\/\/artefactonoticias.com\/wp-content\/uploads\/2024\/03\/IMG-20240310-WA0005-300x225.jpg 300w, https:\/\/artefactonoticias.com\/wp-content\/uploads\/2024\/03\/IMG-20240310-WA0005-768x576.jpg 768w, https:\/\/artefactonoticias.com\/wp-content\/uploads\/2024\/03\/IMG-20240310-WA0005-1536x1152.jpg 1536w, https:\/\/artefactonoticias.com\/wp-content\/uploads\/2024\/03\/IMG-20240310-WA0005-2048x1536.jpg 2048w\" sizes=\"auto, (max-width: 1024px) 100vw, 1024px\" \/><\/figure>\n\n\n\n<p class=\"wp-block-paragraph\"><\/p>\n\n\n\n<ul class=\"wp-block-list\">\n<li>La candidata al Senado por Morena se comprometi\u00f3 a fortalecer el apoyo al Valle y su gente.<br>Mexicali, BC, Domingo 10 de Marzo.- En su recorrido por el Valle de Mexicali Julieta Ram\u00edrez visit\u00f3 a los vecinos y comerciantes del Ejido Benito Ju\u00e1rez donde camino el emblem\u00e1tico sobre ruedas escuchando las necesidades de la gente, despu\u00e9s se traslad\u00f3 al Ejido Oaxaca donde se reuni\u00f3 con m\u00e1s de 250 personas.<\/li>\n<\/ul>\n\n\n\n<p class=\"wp-block-paragraph\">La candidata de MORENA durante su discurso resalt\u00f3 la importancia del Valle de Mexicali para continuar con la Transformaci\u00f3n de Baja California, \u201cEstamos muy comprometidos con nuestro querido Valle, un lugar lleno de gente honesta y trabajadora y por eso contar\u00e1n siempre con un aliada desde el Senado y desde la presidencia de la Rep\u00fablica con la Dra Claudia Sheinbaum para que el bienestar siga llegando a esta tierra\u201d<\/p>\n\n\n\n<p class=\"wp-block-paragraph\">La morenista Julieta Ram\u00edrez record\u00f3 aquel 2017 en el cual Andr\u00e9s Manuel L\u00f3pez Obrador recorri\u00f3 el Valle de Mexicali dejando claro que caminar cada calle,cada ejido es fundamental para construir una base solida, organizada e informada que permita alcanzar la transformaci\u00f3n en todo el territorio baja californiano.<\/p>\n","protected":false},"excerpt":{"rendered":"<p>La candidata de MORENA durante su discurso resalt\u00f3 la importancia del Valle de Mexicali para&#8230;<\/p>\n","protected":false},"author":2,"featured_media":0,"comment_status":"open","ping_status":"open","sticky":false,"template":"","format":"standard","meta":{"om_disable_all_campaigns":false,"_monsterinsights_skip_tracking":false,"_jetpack_newsletter_access":"","_jetpack_dont_email_post_to_subs":false,"_jetpack_newsletter_tier_id":0,"_jetpack_memberships_contains_paywalled_content":false,"_jetpack_memberships_contains_paid_content":false,"footnotes":""},"categories":[1],"tags":[],"class_list":["post-877","post","type-post","status-publish","format-standard","hentry","category-sin-categoria"],"aioseo_notices":[],"aioseo_head":"\n\t\t<!-- All in One SEO 5.0.1.1 - aioseo.com -->\n\t<meta name=\"description\" content=\"La candidata al Senado por Morena se comprometi\u00f3 a fortalecer el apoyo al Valle y su gente.Mexicali, BC, Domingo 10 de Marzo.- En su recorrido por el Valle de Mexicali Julieta Ram\u00edrez visit\u00f3 a los vecinos y comerciantes del Ejido Benito Ju\u00e1rez donde camino el emblem\u00e1tico sobre ruedas escuchando las necesidades de la gente, despu\u00e9s\" \/>\n\t<meta name=\"robots\" content=\"max-image-preview:large\" \/>\n\t<meta name=\"author\" content=\"Luis Santillan\"\/>\n\t<link rel=\"canonical\" href=\"https:\/\/artefactonoticias.com\/index.php\/2024\/03\/10\/recorre-julieta-ramirez-el-valle-de-mexicali\/\" \/>\n\t<meta name=\"generator\" content=\"All in One SEO (AIOSEO) 5.0.1.1\" \/>\n\t\t<meta property=\"og:locale\" content=\"es_MX\" \/>\n\t\t<meta property=\"og:site_name\" content=\"Artefacto Noticias -\" \/>\n\t\t<meta property=\"og:type\" content=\"article\" \/>\n\t\t<meta property=\"og:title\" content=\"RECORRE JULIETA RAM\u00cdREZ EL VALLE DE MEXICALI - Artefacto Noticias\" \/>\n\t\t<meta property=\"og:description\" content=\"La candidata al Senado por Morena se comprometi\u00f3 a fortalecer el apoyo al Valle y su gente.Mexicali, BC, Domingo 10 de Marzo.- En su recorrido por el Valle de Mexicali Julieta Ram\u00edrez visit\u00f3 a los vecinos y comerciantes del Ejido Benito Ju\u00e1rez donde camino el emblem\u00e1tico sobre ruedas escuchando las necesidades de la gente, despu\u00e9s\" \/>\n\t\t<meta property=\"og:url\" content=\"https:\/\/artefactonoticias.com\/index.php\/2024\/03\/10\/recorre-julieta-ramirez-el-valle-de-mexicali\/\" \/>\n\t\t<meta property=\"og:image\" content=\"https:\/\/artefactonoticias.com\/wp-content\/uploads\/2023\/04\/Artefacto-Logo-256x191-1.png\" \/>\n\t\t<meta property=\"og:image:secure_url\" content=\"https:\/\/artefactonoticias.com\/wp-content\/uploads\/2023\/04\/Artefacto-Logo-256x191-1.png\" \/>\n\t\t<meta property=\"article:published_time\" content=\"2024-03-11T00:52:10+00:00\" \/>\n\t\t<meta property=\"article:modified_time\" content=\"2024-03-11T00:52:16+00:00\" \/>\n\t\t<meta name=\"twitter:card\" content=\"summary_large_image\" \/>\n\t\t<meta name=\"twitter:title\" content=\"RECORRE JULIETA RAM\u00cdREZ EL VALLE DE MEXICALI - Artefacto Noticias\" \/>\n\t\t<meta name=\"twitter:description\" content=\"La candidata al Senado por Morena se comprometi\u00f3 a fortalecer el apoyo al Valle y su gente.Mexicali, BC, Domingo 10 de Marzo.- En su recorrido por el Valle de Mexicali Julieta Ram\u00edrez visit\u00f3 a los vecinos y comerciantes del Ejido Benito Ju\u00e1rez donde camino el emblem\u00e1tico sobre ruedas escuchando las necesidades de la gente, despu\u00e9s\" \/>\n\t\t<meta name=\"twitter:image\" content=\"https:\/\/artefactonoticias.com\/wp-content\/uploads\/2023\/04\/Artefacto-Logo-256x191-1.png\" \/>\n\t\t<script type=\"application\/ld+json\" class=\"aioseo-schema\">\n\t\t\t{\"@context\":\"https:\\\/\\\/schema.org\",\"@graph\":[{\"@type\":\"BlogPosting\",\"@id\":\"https:\\\/\\\/artefactonoticias.com\\\/index.php\\\/2024\\\/03\\\/10\\\/recorre-julieta-ramirez-el-valle-de-mexicali\\\/#blogposting\",\"name\":\"RECORRE JULIETA RAM\\u00cdREZ EL VALLE DE MEXICALI - Artefacto Noticias\",\"headline\":\"RECORRE JULIETA RAM\\u00cdREZ EL VALLE DE MEXICALI\",\"author\":{\"@id\":\"https:\\\/\\\/artefactonoticias.com\\\/index.php\\\/author\\\/luis-santillan\\\/#author\"},\"publisher\":{\"@id\":\"https:\\\/\\\/artefactonoticias.com\\\/#organization\"},\"image\":{\"@type\":\"ImageObject\",\"url\":\"https:\\\/\\\/artefactonoticias.com\\\/wp-content\\\/uploads\\\/2024\\\/03\\\/IMG-20240310-WA0005-1024x768.jpg\",\"@id\":\"https:\\\/\\\/artefactonoticias.com\\\/index.php\\\/2024\\\/03\\\/10\\\/recorre-julieta-ramirez-el-valle-de-mexicali\\\/#articleImage\"},\"datePublished\":\"2024-03-10T17:52:10-07:00\",\"dateModified\":\"2024-03-10T17:52:16-07:00\",\"inLanguage\":\"es-MX\",\"mainEntityOfPage\":{\"@id\":\"https:\\\/\\\/artefactonoticias.com\\\/index.php\\\/2024\\\/03\\\/10\\\/recorre-julieta-ramirez-el-valle-de-mexicali\\\/#webpage\"},\"isPartOf\":{\"@id\":\"https:\\\/\\\/artefactonoticias.com\\\/index.php\\\/2024\\\/03\\\/10\\\/recorre-julieta-ramirez-el-valle-de-mexicali\\\/#webpage\"},\"articleSection\":\"Sin categor\\u00eda\"},{\"@type\":\"BreadcrumbList\",\"@id\":\"https:\\\/\\\/artefactonoticias.com\\\/index.php\\\/2024\\\/03\\\/10\\\/recorre-julieta-ramirez-el-valle-de-mexicali\\\/#breadcrumblist\",\"itemListElement\":[{\"@type\":\"ListItem\",\"@id\":\"https:\\\/\\\/artefactonoticias.com#listItem\",\"position\":1,\"name\":\"Home\",\"item\":\"https:\\\/\\\/artefactonoticias.com\",\"nextItem\":{\"@type\":\"ListItem\",\"@id\":\"https:\\\/\\\/artefactonoticias.com\\\/index.php\\\/category\\\/sin-categoria\\\/#listItem\",\"name\":\"Sin categor\\u00eda\"}},{\"@type\":\"ListItem\",\"@id\":\"https:\\\/\\\/artefactonoticias.com\\\/index.php\\\/category\\\/sin-categoria\\\/#listItem\",\"position\":2,\"name\":\"Sin categor\\u00eda\",\"item\":\"https:\\\/\\\/artefactonoticias.com\\\/index.php\\\/category\\\/sin-categoria\\\/\",\"nextItem\":{\"@type\":\"ListItem\",\"@id\":\"https:\\\/\\\/artefactonoticias.com\\\/index.php\\\/2024\\\/03\\\/10\\\/recorre-julieta-ramirez-el-valle-de-mexicali\\\/#listItem\",\"name\":\"RECORRE JULIETA RAM\\u00cdREZ EL VALLE DE MEXICALI\"},\"previousItem\":{\"@type\":\"ListItem\",\"@id\":\"https:\\\/\\\/artefactonoticias.com#listItem\",\"name\":\"Home\"}},{\"@type\":\"ListItem\",\"@id\":\"https:\\\/\\\/artefactonoticias.com\\\/index.php\\\/2024\\\/03\\\/10\\\/recorre-julieta-ramirez-el-valle-de-mexicali\\\/#listItem\",\"position\":3,\"name\":\"RECORRE JULIETA RAM\\u00cdREZ EL VALLE DE MEXICALI\",\"previousItem\":{\"@type\":\"ListItem\",\"@id\":\"https:\\\/\\\/artefactonoticias.com\\\/index.php\\\/category\\\/sin-categoria\\\/#listItem\",\"name\":\"Sin categor\\u00eda\"}}]},{\"@type\":\"Organization\",\"@id\":\"https:\\\/\\\/artefactonoticias.com\\\/#organization\",\"name\":\"artefactonoticias.com\",\"url\":\"https:\\\/\\\/artefactonoticias.com\\\/\",\"logo\":{\"@type\":\"ImageObject\",\"url\":\"https:\\\/\\\/artefactonoticias.com\\\/wp-content\\\/uploads\\\/2023\\\/04\\\/Artefacto-Logo-256x191-1.png\",\"@id\":\"https:\\\/\\\/artefactonoticias.com\\\/index.php\\\/2024\\\/03\\\/10\\\/recorre-julieta-ramirez-el-valle-de-mexicali\\\/#organizationLogo\",\"width\":256,\"height\":191},\"image\":{\"@id\":\"https:\\\/\\\/artefactonoticias.com\\\/index.php\\\/2024\\\/03\\\/10\\\/recorre-julieta-ramirez-el-valle-de-mexicali\\\/#organizationLogo\"}},{\"@type\":\"Person\",\"@id\":\"https:\\\/\\\/artefactonoticias.com\\\/index.php\\\/author\\\/luis-santillan\\\/#author\",\"url\":\"https:\\\/\\\/artefactonoticias.com\\\/index.php\\\/author\\\/luis-santillan\\\/\",\"name\":\"Luis Santillan\",\"image\":{\"@type\":\"ImageObject\",\"@id\":\"https:\\\/\\\/artefactonoticias.com\\\/index.php\\\/2024\\\/03\\\/10\\\/recorre-julieta-ramirez-el-valle-de-mexicali\\\/#authorImage\",\"url\":\"https:\\\/\\\/secure.gravatar.com\\\/avatar\\\/60dc8a8d7131dc5a28fa778714b8c5b97cd1a7fdc963e3cbfc44a976d47116ca?s=96&d=mm&r=g\",\"width\":96,\"height\":96,\"caption\":\"Luis Santillan\"}},{\"@type\":\"WebPage\",\"@id\":\"https:\\\/\\\/artefactonoticias.com\\\/index.php\\\/2024\\\/03\\\/10\\\/recorre-julieta-ramirez-el-valle-de-mexicali\\\/#webpage\",\"url\":\"https:\\\/\\\/artefactonoticias.com\\\/index.php\\\/2024\\\/03\\\/10\\\/recorre-julieta-ramirez-el-valle-de-mexicali\\\/\",\"name\":\"RECORRE JULIETA RAM\\u00cdREZ EL VALLE DE MEXICALI - Artefacto Noticias\",\"description\":\"La candidata al Senado por Morena se comprometi\\u00f3 a fortalecer el apoyo al Valle y su gente.Mexicali, BC, Domingo 10 de Marzo.- En su recorrido por el Valle de Mexicali Julieta Ram\\u00edrez visit\\u00f3 a los vecinos y comerciantes del Ejido Benito Ju\\u00e1rez donde camino el emblem\\u00e1tico sobre ruedas escuchando las necesidades de la gente, despu\\u00e9s\",\"inLanguage\":\"es-MX\",\"isPartOf\":{\"@id\":\"https:\\\/\\\/artefactonoticias.com\\\/#website\"},\"breadcrumb\":{\"@id\":\"https:\\\/\\\/artefactonoticias.com\\\/index.php\\\/2024\\\/03\\\/10\\\/recorre-julieta-ramirez-el-valle-de-mexicali\\\/#breadcrumblist\"},\"author\":{\"@id\":\"https:\\\/\\\/artefactonoticias.com\\\/index.php\\\/author\\\/luis-santillan\\\/#author\"},\"creator\":{\"@id\":\"https:\\\/\\\/artefactonoticias.com\\\/index.php\\\/author\\\/luis-santillan\\\/#author\"},\"datePublished\":\"2024-03-10T17:52:10-07:00\",\"dateModified\":\"2024-03-10T17:52:16-07:00\"},{\"@type\":\"WebSite\",\"@id\":\"https:\\\/\\\/artefactonoticias.com\\\/#website\",\"url\":\"https:\\\/\\\/artefactonoticias.com\\\/\",\"name\":\"artefactonoticias.com\",\"inLanguage\":\"es-MX\",\"publisher\":{\"@id\":\"https:\\\/\\\/artefactonoticias.com\\\/#organization\"}}]}\n\t\t<\/script>\n\t\t<!-- All in One SEO -->\n\n","aioseo_head_json":{"title":"RECORRE JULIETA RAM\u00cdREZ EL VALLE DE MEXICALI - Artefacto Noticias","description":"La candidata al Senado por Morena se comprometi\u00f3 a fortalecer el apoyo al Valle y su gente.Mexicali, BC, Domingo 10 de Marzo.- En su recorrido por el Valle de Mexicali Julieta Ram\u00edrez visit\u00f3 a los vecinos y comerciantes del Ejido Benito Ju\u00e1rez donde camino el emblem\u00e1tico sobre ruedas escuchando las necesidades de la gente, despu\u00e9s","canonical_url":"https:\/\/artefactonoticias.com\/index.php\/2024\/03\/10\/recorre-julieta-ramirez-el-valle-de-mexicali\/","robots":"max-image-preview:large","keywords":"","webmasterTools":{"miscellaneous":""},"schema":{"@context":"https:\/\/schema.org","@graph":[{"@type":"BlogPosting","@id":"https:\/\/artefactonoticias.com\/index.php\/2024\/03\/10\/recorre-julieta-ramirez-el-valle-de-mexicali\/#blogposting","name":"RECORRE JULIETA RAM\u00cdREZ EL VALLE DE MEXICALI - Artefacto Noticias","headline":"RECORRE JULIETA RAM\u00cdREZ EL VALLE DE MEXICALI","author":{"@id":"https:\/\/artefactonoticias.com\/index.php\/author\/luis-santillan\/#author"},"publisher":{"@id":"https:\/\/artefactonoticias.com\/#organization"},"image":{"@type":"ImageObject","url":"https:\/\/artefactonoticias.com\/wp-content\/uploads\/2024\/03\/IMG-20240310-WA0005-1024x768.jpg","@id":"https:\/\/artefactonoticias.com\/index.php\/2024\/03\/10\/recorre-julieta-ramirez-el-valle-de-mexicali\/#articleImage"},"datePublished":"2024-03-10T17:52:10-07:00","dateModified":"2024-03-10T17:52:16-07:00","inLanguage":"es-MX","mainEntityOfPage":{"@id":"https:\/\/artefactonoticias.com\/index.php\/2024\/03\/10\/recorre-julieta-ramirez-el-valle-de-mexicali\/#webpage"},"isPartOf":{"@id":"https:\/\/artefactonoticias.com\/index.php\/2024\/03\/10\/recorre-julieta-ramirez-el-valle-de-mexicali\/#webpage"},"articleSection":"Sin categor\u00eda"},{"@type":"BreadcrumbList","@id":"https:\/\/artefactonoticias.com\/index.php\/2024\/03\/10\/recorre-julieta-ramirez-el-valle-de-mexicali\/#breadcrumblist","itemListElement":[{"@type":"ListItem","@id":"https:\/\/artefactonoticias.com#listItem","position":1,"name":"Home","item":"https:\/\/artefactonoticias.com","nextItem":{"@type":"ListItem","@id":"https:\/\/artefactonoticias.com\/index.php\/category\/sin-categoria\/#listItem","name":"Sin categor\u00eda"}},{"@type":"ListItem","@id":"https:\/\/artefactonoticias.com\/index.php\/category\/sin-categoria\/#listItem","position":2,"name":"Sin categor\u00eda","item":"https:\/\/artefactonoticias.com\/index.php\/category\/sin-categoria\/","nextItem":{"@type":"ListItem","@id":"https:\/\/artefactonoticias.com\/index.php\/2024\/03\/10\/recorre-julieta-ramirez-el-valle-de-mexicali\/#listItem","name":"RECORRE JULIETA RAM\u00cdREZ EL VALLE DE MEXICALI"},"previousItem":{"@type":"ListItem","@id":"https:\/\/artefactonoticias.com#listItem","name":"Home"}},{"@type":"ListItem","@id":"https:\/\/artefactonoticias.com\/index.php\/2024\/03\/10\/recorre-julieta-ramirez-el-valle-de-mexicali\/#listItem","position":3,"name":"RECORRE JULIETA RAM\u00cdREZ EL VALLE DE MEXICALI","previousItem":{"@type":"ListItem","@id":"https:\/\/artefactonoticias.com\/index.php\/category\/sin-categoria\/#listItem","name":"Sin categor\u00eda"}}]},{"@type":"Organization","@id":"https:\/\/artefactonoticias.com\/#organization","name":"artefactonoticias.com","url":"https:\/\/artefactonoticias.com\/","logo":{"@type":"ImageObject","url":"https:\/\/artefactonoticias.com\/wp-content\/uploads\/2023\/04\/Artefacto-Logo-256x191-1.png","@id":"https:\/\/artefactonoticias.com\/index.php\/2024\/03\/10\/recorre-julieta-ramirez-el-valle-de-mexicali\/#organizationLogo","width":256,"height":191},"image":{"@id":"https:\/\/artefactonoticias.com\/index.php\/2024\/03\/10\/recorre-julieta-ramirez-el-valle-de-mexicali\/#organizationLogo"}},{"@type":"Person","@id":"https:\/\/artefactonoticias.com\/index.php\/author\/luis-santillan\/#author","url":"https:\/\/artefactonoticias.com\/index.php\/author\/luis-santillan\/","name":"Luis Santillan","image":{"@type":"ImageObject","@id":"https:\/\/artefactonoticias.com\/index.php\/2024\/03\/10\/recorre-julieta-ramirez-el-valle-de-mexicali\/#authorImage","url":"https:\/\/secure.gravatar.com\/avatar\/60dc8a8d7131dc5a28fa778714b8c5b97cd1a7fdc963e3cbfc44a976d47116ca?s=96&d=mm&r=g","width":96,"height":96,"caption":"Luis Santillan"}},{"@type":"WebPage","@id":"https:\/\/artefactonoticias.com\/index.php\/2024\/03\/10\/recorre-julieta-ramirez-el-valle-de-mexicali\/#webpage","url":"https:\/\/artefactonoticias.com\/index.php\/2024\/03\/10\/recorre-julieta-ramirez-el-valle-de-mexicali\/","name":"RECORRE JULIETA RAM\u00cdREZ EL VALLE DE MEXICALI - Artefacto Noticias","description":"La candidata al Senado por Morena se comprometi\u00f3 a fortalecer el apoyo al Valle y su gente.Mexicali, BC, Domingo 10 de Marzo.- En su recorrido por el Valle de Mexicali Julieta Ram\u00edrez visit\u00f3 a los vecinos y comerciantes del Ejido Benito Ju\u00e1rez donde camino el emblem\u00e1tico sobre ruedas escuchando las necesidades de la gente, despu\u00e9s","inLanguage":"es-MX","isPartOf":{"@id":"https:\/\/artefactonoticias.com\/#website"},"breadcrumb":{"@id":"https:\/\/artefactonoticias.com\/index.php\/2024\/03\/10\/recorre-julieta-ramirez-el-valle-de-mexicali\/#breadcrumblist"},"author":{"@id":"https:\/\/artefactonoticias.com\/index.php\/author\/luis-santillan\/#author"},"creator":{"@id":"https:\/\/artefactonoticias.com\/index.php\/author\/luis-santillan\/#author"},"datePublished":"2024-03-10T17:52:10-07:00","dateModified":"2024-03-10T17:52:16-07:00"},{"@type":"WebSite","@id":"https:\/\/artefactonoticias.com\/#website","url":"https:\/\/artefactonoticias.com\/","name":"artefactonoticias.com","inLanguage":"es-MX","publisher":{"@id":"https:\/\/artefactonoticias.com\/#organization"}}]},"og:locale":"es_MX","og:site_name":"Artefacto Noticias -","og:type":"article","og:title":"RECORRE JULIETA RAM\u00cdREZ EL VALLE DE MEXICALI - Artefacto Noticias","og:description":"La candidata al Senado por Morena se comprometi\u00f3 a fortalecer el apoyo al Valle y su gente.Mexicali, BC, Domingo 10 de Marzo.- En su recorrido por el Valle de Mexicali Julieta Ram\u00edrez visit\u00f3 a los vecinos y comerciantes del Ejido Benito Ju\u00e1rez donde camino el emblem\u00e1tico sobre ruedas escuchando las necesidades de la gente, despu\u00e9s","og:url":"https:\/\/artefactonoticias.com\/index.php\/2024\/03\/10\/recorre-julieta-ramirez-el-valle-de-mexicali\/","og:image":"https:\/\/artefactonoticias.com\/wp-content\/uploads\/2023\/04\/Artefacto-Logo-256x191-1.png","og:image:secure_url":"https:\/\/artefactonoticias.com\/wp-content\/uploads\/2023\/04\/Artefacto-Logo-256x191-1.png","article:published_time":"2024-03-11T00:52:10+00:00","article:modified_time":"2024-03-11T00:52:16+00:00","twitter:card":"summary_large_image","twitter:title":"RECORRE JULIETA RAM\u00cdREZ EL VALLE DE MEXICALI - Artefacto Noticias","twitter:description":"La candidata al Senado por Morena se comprometi\u00f3 a fortalecer el apoyo al Valle y su gente.Mexicali, BC, Domingo 10 de Marzo.- En su recorrido por el Valle de Mexicali Julieta Ram\u00edrez visit\u00f3 a los vecinos y comerciantes del Ejido Benito Ju\u00e1rez donde camino el emblem\u00e1tico sobre ruedas escuchando las necesidades de la gente, despu\u00e9s","twitter:image":"https:\/\/artefactonoticias.com\/wp-content\/uploads\/2023\/04\/Artefacto-Logo-256x191-1.png"},"aioseo_meta_data":{"post_id":"877","title":null,"description":null,"keywords":null,"keyphrases":null,"primary_term":null,"canonical_url":null,"og_title":null,"og_description":null,"og_object_type":"default","og_image_type":"default","og_image_url":null,"og_image_width":null,"og_image_height":null,"og_image_custom_url":null,"og_image_custom_fields":null,"og_video":null,"og_custom_url":null,"og_article_section":null,"og_article_tags":null,"twitter_use_og":false,"twitter_card":"default","twitter_image_type":"default","twitter_image_url":null,"twitter_image_custom_url":null,"twitter_image_custom_fields":null,"twitter_title":null,"twitter_description":null,"schema":{"blockGraphs":[],"customGraphs":[],"default":{"data":{"Article":[],"Course":[],"Dataset":[],"FAQPage":[],"Movie":[],"Person":[],"Product":[],"ProductReview":[],"Car":[],"Recipe":[],"Service":[],"SoftwareApplication":[],"WebPage":[]},"graphName":"","isEnabled":true},"graphs":[]},"schema_type":"default","schema_type_options":null,"pillar_content":false,"robots_default":true,"robots_noindex":false,"robots_noarchive":false,"robots_nosnippet":false,"robots_nofollow":false,"robots_noimageindex":false,"robots_noodp":false,"robots_notranslate":false,"robots_max_snippet":null,"robots_max_videopreview":null,"robots_max_imagepreview":"large","priority":null,"frequency":null,"local_seo":null,"breadcrumb_settings":null,"limit_modified_date":false,"ai":null,"created":"2024-03-11 01:10:36","updated":"2025-06-05 09:38:10","seo_analyzer_scan_date":null,"focus_keyword":null,"additional_keywords":null,"truseo_locale":null},"aioseo_breadcrumb":"<div class=\"aioseo-breadcrumbs\"><span class=\"aioseo-breadcrumb\">\n\t\t\t<a href=\"https:\/\/artefactonoticias.com\" title=\"Home\">Home<\/a>\n\t\t<\/span><span class=\"aioseo-breadcrumb-separator\">&raquo;<\/span><span class=\"aioseo-breadcrumb\">\n\t\t\t<a href=\"https:\/\/artefactonoticias.com\/index.php\/category\/sin-categoria\/\" title=\"Sin categor\u00eda\">Sin categor\u00eda<\/a>\n\t\t<\/span><span class=\"aioseo-breadcrumb-separator\">&raquo;<\/span><span class=\"aioseo-breadcrumb\">\n\t\t\tRECORRE JULIETA RAM\u00cdREZ EL VALLE DE MEXICALI\n\t\t<\/span><\/div>","aioseo_breadcrumb_json":[{"label":"Home","link":"https:\/\/artefactonoticias.com"},{"label":"Sin categor\u00eda","link":"https:\/\/artefactonoticias.com\/index.php\/category\/sin-categoria\/"},{"label":"RECORRE JULIETA RAM\u00cdREZ EL VALLE DE MEXICALI","link":"https:\/\/artefactonoticias.com\/index.php\/2024\/03\/10\/recorre-julieta-ramirez-el-valle-de-mexicali\/"}],"jetpack_sharing_enabled":true,"jetpack_featured_media_url":"","_links":{"self":[{"href":"https:\/\/artefactonoticias.com\/index.php\/wp-json\/wp\/v2\/posts\/877","targetHints":{"allow":["GET"]}}],"collection":[{"href":"https:\/\/artefactonoticias.com\/index.php\/wp-json\/wp\/v2\/posts"}],"about":[{"href":"https:\/\/artefactonoticias.com\/index.php\/wp-json\/wp\/v2\/types\/post"}],"author":[{"embeddable":true,"href":"https:\/\/artefactonoticias.com\/index.php\/wp-json\/wp\/v2\/users\/2"}],"replies":[{"embeddable":true,"href":"https:\/\/artefactonoticias.com\/index.php\/wp-json\/wp\/v2\/comments?post=877"}],"version-history":[{"count":1,"href":"https:\/\/artefactonoticias.com\/index.php\/wp-json\/wp\/v2\/posts\/877\/revisions"}],"predecessor-version":[{"id":878,"href":"https:\/\/artefactonoticias.com\/index.php\/wp-json\/wp\/v2\/posts\/877\/revisions\/878"}],"wp:attachment":[{"href":"https:\/\/artefactonoticias.com\/index.php\/wp-json\/wp\/v2\/media?parent=877"}],"wp:term":[{"taxonomy":"category","embeddable":true,"href":"https:\/\/artefactonoticias.com\/index.php\/wp-json\/wp\/v2\/categories?post=877"},{"taxonomy":"post_tag","embeddable":true,"href":"https:\/\/artefactonoticias.com\/index.php\/wp-json\/wp\/v2\/tags?post=877"}],"curies":[{"name":"wp","href":"https:\/\/api.w.org\/{rel}","templated":true}]}}