{"id":874,"date":"2024-03-09T22:52:55","date_gmt":"2024-03-10T05:52:55","guid":{"rendered":"https:\/\/artefactonoticias.com\/?p=874"},"modified":"2024-03-09T22:53:04","modified_gmt":"2024-03-10T05:53:04","slug":"el-pleno-aprueba-establecer-causales-de-perdida-y-suspension-del-ejercicio-de-la-patria-potestad-por-feminicidio","status":"publish","type":"post","link":"https:\/\/artefactonoticias.com\/index.php\/2024\/03\/09\/el-pleno-aprueba-establecer-causales-de-perdida-y-suspension-del-ejercicio-de-la-patria-potestad-por-feminicidio\/","title":{"rendered":"EL PLENO APRUEBA ESTABLECER CAUSALES DE P\u00c9RDIDA Y SUSPENSI\u00d3N DEL EJERCICIO DE LA PATRIA POTESTAD POR FEMINICIDIO"},"content":{"rendered":"\n<figure class=\"wp-block-image size-large\"><img loading=\"lazy\" decoding=\"async\" width=\"1024\" height=\"460\" src=\"https:\/\/artefactonoticias.com\/wp-content\/uploads\/2024\/03\/IMG-20240307-WA0073-1-1024x460.jpg\" alt=\"\" class=\"wp-image-873\" srcset=\"https:\/\/artefactonoticias.com\/wp-content\/uploads\/2024\/03\/IMG-20240307-WA0073-1-1024x460.jpg 1024w, https:\/\/artefactonoticias.com\/wp-content\/uploads\/2024\/03\/IMG-20240307-WA0073-1-300x135.jpg 300w, https:\/\/artefactonoticias.com\/wp-content\/uploads\/2024\/03\/IMG-20240307-WA0073-1-768x345.jpg 768w, https:\/\/artefactonoticias.com\/wp-content\/uploads\/2024\/03\/IMG-20240307-WA0073-1.jpg 1280w\" sizes=\"auto, (max-width: 1024px) 100vw, 1024px\" \/><\/figure>\n\n\n\n<p class=\"wp-block-paragraph\"><br><br>\u2022 Busca establecer mecanismos legales de protecci\u00f3n a favor de la infancia, trat\u00e1ndose de hechos relacionados con este delito<br>\u2022 La reforma est\u00e1 contenida en el Dictamen. No. 34 de la Comisi\u00f3n de Igualdad de G\u00e9nero<br>Mexicali, B.C., s\u00e1bado 9 de marzo de 2024.- El escenario familiar y las consecuencias que al seno de \u00e9sta generan los feminicidios, traen consigo v\u00edctimas indirectas que resentir\u00e1n de forma directa, la imprevisible ausencia de quien fue ultimada por un cobarde feminicida.<br>Tal es el caso, de las hijas e hijos de la v\u00edctima que, en muchas ocasiones, tambi\u00e9n lo son del agresor, pero tambi\u00e9n de personas incapaces que se encontraban bajo el cuidado de aquella, e incluso de dependientes econ\u00f3micos, como sus padres, cuya calidad de vida y subsistencia se encontrar\u00e1n comprometidas.<br>Estos argumentos est\u00e1n vertidos en el cuerpo del Dictamen No. 34 de la Comisi\u00f3n de Igualdad de G\u00e9nero y Juventudes, relativo a la Iniciativa de reforma a tres art\u00edculos del C\u00f3digo Civil para el Estado de Baja California, que fue aprobado por el Pleno, en la sesi\u00f3n ordinaria de este 8 de marzo.<br>Dicha iniciativa, tiene como prop\u00f3sito, establecer causales de p\u00e9rdida y suspensi\u00f3n del ejercicio de la patria potestad por feminicidio (art\u00edculos 440 y 444) con la intenci\u00f3n de que el sentenciado o vinculado a proceso por este delito en perjuicio de sus menores hijos, no los tenga bajo su tutela legal.<br>En su exposici\u00f3n de motivos, se expresa: es una realidad indiscutible que, en Baja California, est\u00e1 presente el feminicidio. A\u00fan con los avances normativos -que han sido diversos y significativos- el fen\u00f3meno delictivo evoluciona tanto en su forma de ejecuci\u00f3n, como en los impactos sociales y familiares que deja.<br>Por ello, de nueva cuenta, se consider\u00f3 que es necesario, realizar un ajuste m\u00e1s, a nuestro marco positivo local, para establecer mecanismos legales de protecci\u00f3n a favor de la infancia, trat\u00e1ndose de hechos relacionados con feminicidios.<\/p>\n\n\n","protected":false},"excerpt":{"rendered":"<p>\u2022 Busca establecer mecanismos legales de protecci\u00f3n a favor de la infancia, trat\u00e1ndose de hechos&#8230;<\/p>\n","protected":false},"author":2,"featured_media":0,"comment_status":"open","ping_status":"open","sticky":false,"template":"","format":"standard","meta":{"om_disable_all_campaigns":false,"_monsterinsights_skip_tracking":false,"_jetpack_newsletter_access":"","_jetpack_dont_email_post_to_subs":false,"_jetpack_newsletter_tier_id":0,"_jetpack_memberships_contains_paywalled_content":false,"_jetpack_memberships_contains_paid_content":false,"footnotes":""},"categories":[1],"tags":[],"class_list":["post-874","post","type-post","status-publish","format-standard","hentry","category-sin-categoria"],"aioseo_notices":[],"aioseo_head":"\n\t\t<!-- All in One SEO 5.0.1.1 - aioseo.com -->\n\t<meta name=\"description\" content=\"\u2022 Busca establecer mecanismos legales de protecci\u00f3n a favor de la infancia, trat\u00e1ndose de hechos relacionados con este delito\u2022 La reforma est\u00e1 contenida en el Dictamen. No. 34 de la Comisi\u00f3n de Igualdad de G\u00e9neroMexicali, B.C., s\u00e1bado 9 de marzo de 2024.- El escenario familiar y las consecuencias que al seno de \u00e9sta generan los\" \/>\n\t<meta name=\"robots\" content=\"max-image-preview:large\" \/>\n\t<meta name=\"author\" content=\"Luis Santillan\"\/>\n\t<link rel=\"canonical\" href=\"https:\/\/artefactonoticias.com\/index.php\/2024\/03\/09\/el-pleno-aprueba-establecer-causales-de-perdida-y-suspension-del-ejercicio-de-la-patria-potestad-por-feminicidio\/\" \/>\n\t<meta name=\"generator\" content=\"All in One SEO (AIOSEO) 5.0.1.1\" \/>\n\t\t<meta property=\"og:locale\" content=\"es_MX\" \/>\n\t\t<meta property=\"og:site_name\" content=\"Artefacto Noticias -\" \/>\n\t\t<meta property=\"og:type\" content=\"article\" \/>\n\t\t<meta property=\"og:title\" content=\"EL PLENO APRUEBA ESTABLECER CAUSALES DE P\u00c9RDIDA Y SUSPENSI\u00d3N DEL EJERCICIO DE LA PATRIA POTESTAD POR FEMINICIDIO - Artefacto Noticias\" \/>\n\t\t<meta property=\"og:description\" content=\"\u2022 Busca establecer mecanismos legales de protecci\u00f3n a favor de la infancia, trat\u00e1ndose de hechos relacionados con este delito\u2022 La reforma est\u00e1 contenida en el Dictamen. No. 34 de la Comisi\u00f3n de Igualdad de G\u00e9neroMexicali, B.C., s\u00e1bado 9 de marzo de 2024.- El escenario familiar y las consecuencias que al seno de \u00e9sta generan los\" \/>\n\t\t<meta property=\"og:url\" content=\"https:\/\/artefactonoticias.com\/index.php\/2024\/03\/09\/el-pleno-aprueba-establecer-causales-de-perdida-y-suspension-del-ejercicio-de-la-patria-potestad-por-feminicidio\/\" \/>\n\t\t<meta property=\"og:image\" content=\"https:\/\/artefactonoticias.com\/wp-content\/uploads\/2023\/04\/Artefacto-Logo-256x191-1.png\" \/>\n\t\t<meta property=\"og:image:secure_url\" content=\"https:\/\/artefactonoticias.com\/wp-content\/uploads\/2023\/04\/Artefacto-Logo-256x191-1.png\" \/>\n\t\t<meta property=\"article:published_time\" content=\"2024-03-10T05:52:55+00:00\" \/>\n\t\t<meta property=\"article:modified_time\" content=\"2024-03-10T05:53:04+00:00\" \/>\n\t\t<meta name=\"twitter:card\" content=\"summary_large_image\" \/>\n\t\t<meta name=\"twitter:title\" content=\"EL PLENO APRUEBA ESTABLECER CAUSALES DE P\u00c9RDIDA Y SUSPENSI\u00d3N DEL EJERCICIO DE LA PATRIA POTESTAD POR FEMINICIDIO - Artefacto Noticias\" \/>\n\t\t<meta name=\"twitter:description\" content=\"\u2022 Busca establecer mecanismos legales de protecci\u00f3n a favor de la infancia, trat\u00e1ndose de hechos relacionados con este delito\u2022 La reforma est\u00e1 contenida en el Dictamen. No. 34 de la Comisi\u00f3n de Igualdad de G\u00e9neroMexicali, B.C., s\u00e1bado 9 de marzo de 2024.- El escenario familiar y las consecuencias que al seno de \u00e9sta generan los\" \/>\n\t\t<meta name=\"twitter:image\" content=\"https:\/\/artefactonoticias.com\/wp-content\/uploads\/2023\/04\/Artefacto-Logo-256x191-1.png\" \/>\n\t\t<script type=\"application\/ld+json\" class=\"aioseo-schema\">\n\t\t\t{\"@context\":\"https:\\\/\\\/schema.org\",\"@graph\":[{\"@type\":\"BlogPosting\",\"@id\":\"https:\\\/\\\/artefactonoticias.com\\\/index.php\\\/2024\\\/03\\\/09\\\/el-pleno-aprueba-establecer-causales-de-perdida-y-suspension-del-ejercicio-de-la-patria-potestad-por-feminicidio\\\/#blogposting\",\"name\":\"EL PLENO APRUEBA ESTABLECER CAUSALES DE P\\u00c9RDIDA Y SUSPENSI\\u00d3N DEL EJERCICIO DE LA PATRIA POTESTAD POR FEMINICIDIO - Artefacto Noticias\",\"headline\":\"EL PLENO APRUEBA ESTABLECER CAUSALES DE P\\u00c9RDIDA Y SUSPENSI\\u00d3N DEL EJERCICIO DE LA PATRIA POTESTAD POR FEMINICIDIO\",\"author\":{\"@id\":\"https:\\\/\\\/artefactonoticias.com\\\/index.php\\\/author\\\/luis-santillan\\\/#author\"},\"publisher\":{\"@id\":\"https:\\\/\\\/artefactonoticias.com\\\/#organization\"},\"image\":{\"@type\":\"ImageObject\",\"url\":\"https:\\\/\\\/artefactonoticias.com\\\/wp-content\\\/uploads\\\/2024\\\/03\\\/IMG-20240307-WA0073-1-1024x460.jpg\",\"@id\":\"https:\\\/\\\/artefactonoticias.com\\\/index.php\\\/2024\\\/03\\\/09\\\/el-pleno-aprueba-establecer-causales-de-perdida-y-suspension-del-ejercicio-de-la-patria-potestad-por-feminicidio\\\/#articleImage\"},\"datePublished\":\"2024-03-09T22:52:55-07:00\",\"dateModified\":\"2024-03-09T22:53:04-07:00\",\"inLanguage\":\"es-MX\",\"mainEntityOfPage\":{\"@id\":\"https:\\\/\\\/artefactonoticias.com\\\/index.php\\\/2024\\\/03\\\/09\\\/el-pleno-aprueba-establecer-causales-de-perdida-y-suspension-del-ejercicio-de-la-patria-potestad-por-feminicidio\\\/#webpage\"},\"isPartOf\":{\"@id\":\"https:\\\/\\\/artefactonoticias.com\\\/index.php\\\/2024\\\/03\\\/09\\\/el-pleno-aprueba-establecer-causales-de-perdida-y-suspension-del-ejercicio-de-la-patria-potestad-por-feminicidio\\\/#webpage\"},\"articleSection\":\"Sin categor\\u00eda\"},{\"@type\":\"BreadcrumbList\",\"@id\":\"https:\\\/\\\/artefactonoticias.com\\\/index.php\\\/2024\\\/03\\\/09\\\/el-pleno-aprueba-establecer-causales-de-perdida-y-suspension-del-ejercicio-de-la-patria-potestad-por-feminicidio\\\/#breadcrumblist\",\"itemListElement\":[{\"@type\":\"ListItem\",\"@id\":\"https:\\\/\\\/artefactonoticias.com#listItem\",\"position\":1,\"name\":\"Home\",\"item\":\"https:\\\/\\\/artefactonoticias.com\",\"nextItem\":{\"@type\":\"ListItem\",\"@id\":\"https:\\\/\\\/artefactonoticias.com\\\/index.php\\\/category\\\/sin-categoria\\\/#listItem\",\"name\":\"Sin categor\\u00eda\"}},{\"@type\":\"ListItem\",\"@id\":\"https:\\\/\\\/artefactonoticias.com\\\/index.php\\\/category\\\/sin-categoria\\\/#listItem\",\"position\":2,\"name\":\"Sin categor\\u00eda\",\"item\":\"https:\\\/\\\/artefactonoticias.com\\\/index.php\\\/category\\\/sin-categoria\\\/\",\"nextItem\":{\"@type\":\"ListItem\",\"@id\":\"https:\\\/\\\/artefactonoticias.com\\\/index.php\\\/2024\\\/03\\\/09\\\/el-pleno-aprueba-establecer-causales-de-perdida-y-suspension-del-ejercicio-de-la-patria-potestad-por-feminicidio\\\/#listItem\",\"name\":\"EL PLENO APRUEBA ESTABLECER CAUSALES DE P\\u00c9RDIDA Y SUSPENSI\\u00d3N DEL EJERCICIO DE LA PATRIA POTESTAD POR FEMINICIDIO\"},\"previousItem\":{\"@type\":\"ListItem\",\"@id\":\"https:\\\/\\\/artefactonoticias.com#listItem\",\"name\":\"Home\"}},{\"@type\":\"ListItem\",\"@id\":\"https:\\\/\\\/artefactonoticias.com\\\/index.php\\\/2024\\\/03\\\/09\\\/el-pleno-aprueba-establecer-causales-de-perdida-y-suspension-del-ejercicio-de-la-patria-potestad-por-feminicidio\\\/#listItem\",\"position\":3,\"name\":\"EL PLENO APRUEBA ESTABLECER CAUSALES DE P\\u00c9RDIDA Y SUSPENSI\\u00d3N DEL EJERCICIO DE LA PATRIA POTESTAD POR FEMINICIDIO\",\"previousItem\":{\"@type\":\"ListItem\",\"@id\":\"https:\\\/\\\/artefactonoticias.com\\\/index.php\\\/category\\\/sin-categoria\\\/#listItem\",\"name\":\"Sin categor\\u00eda\"}}]},{\"@type\":\"Organization\",\"@id\":\"https:\\\/\\\/artefactonoticias.com\\\/#organization\",\"name\":\"artefactonoticias.com\",\"url\":\"https:\\\/\\\/artefactonoticias.com\\\/\",\"logo\":{\"@type\":\"ImageObject\",\"url\":\"https:\\\/\\\/artefactonoticias.com\\\/wp-content\\\/uploads\\\/2023\\\/04\\\/Artefacto-Logo-256x191-1.png\",\"@id\":\"https:\\\/\\\/artefactonoticias.com\\\/index.php\\\/2024\\\/03\\\/09\\\/el-pleno-aprueba-establecer-causales-de-perdida-y-suspension-del-ejercicio-de-la-patria-potestad-por-feminicidio\\\/#organizationLogo\",\"width\":256,\"height\":191},\"image\":{\"@id\":\"https:\\\/\\\/artefactonoticias.com\\\/index.php\\\/2024\\\/03\\\/09\\\/el-pleno-aprueba-establecer-causales-de-perdida-y-suspension-del-ejercicio-de-la-patria-potestad-por-feminicidio\\\/#organizationLogo\"}},{\"@type\":\"Person\",\"@id\":\"https:\\\/\\\/artefactonoticias.com\\\/index.php\\\/author\\\/luis-santillan\\\/#author\",\"url\":\"https:\\\/\\\/artefactonoticias.com\\\/index.php\\\/author\\\/luis-santillan\\\/\",\"name\":\"Luis Santillan\",\"image\":{\"@type\":\"ImageObject\",\"@id\":\"https:\\\/\\\/artefactonoticias.com\\\/index.php\\\/2024\\\/03\\\/09\\\/el-pleno-aprueba-establecer-causales-de-perdida-y-suspension-del-ejercicio-de-la-patria-potestad-por-feminicidio\\\/#authorImage\",\"url\":\"https:\\\/\\\/secure.gravatar.com\\\/avatar\\\/60dc8a8d7131dc5a28fa778714b8c5b97cd1a7fdc963e3cbfc44a976d47116ca?s=96&d=mm&r=g\",\"width\":96,\"height\":96,\"caption\":\"Luis Santillan\"}},{\"@type\":\"WebPage\",\"@id\":\"https:\\\/\\\/artefactonoticias.com\\\/index.php\\\/2024\\\/03\\\/09\\\/el-pleno-aprueba-establecer-causales-de-perdida-y-suspension-del-ejercicio-de-la-patria-potestad-por-feminicidio\\\/#webpage\",\"url\":\"https:\\\/\\\/artefactonoticias.com\\\/index.php\\\/2024\\\/03\\\/09\\\/el-pleno-aprueba-establecer-causales-de-perdida-y-suspension-del-ejercicio-de-la-patria-potestad-por-feminicidio\\\/\",\"name\":\"EL PLENO APRUEBA ESTABLECER CAUSALES DE P\\u00c9RDIDA Y SUSPENSI\\u00d3N DEL EJERCICIO DE LA PATRIA POTESTAD POR FEMINICIDIO - Artefacto Noticias\",\"description\":\"\\u2022 Busca establecer mecanismos legales de protecci\\u00f3n a favor de la infancia, trat\\u00e1ndose de hechos relacionados con este delito\\u2022 La reforma est\\u00e1 contenida en el Dictamen. No. 34 de la Comisi\\u00f3n de Igualdad de G\\u00e9neroMexicali, B.C., s\\u00e1bado 9 de marzo de 2024.- El escenario familiar y las consecuencias que al seno de \\u00e9sta generan los\",\"inLanguage\":\"es-MX\",\"isPartOf\":{\"@id\":\"https:\\\/\\\/artefactonoticias.com\\\/#website\"},\"breadcrumb\":{\"@id\":\"https:\\\/\\\/artefactonoticias.com\\\/index.php\\\/2024\\\/03\\\/09\\\/el-pleno-aprueba-establecer-causales-de-perdida-y-suspension-del-ejercicio-de-la-patria-potestad-por-feminicidio\\\/#breadcrumblist\"},\"author\":{\"@id\":\"https:\\\/\\\/artefactonoticias.com\\\/index.php\\\/author\\\/luis-santillan\\\/#author\"},\"creator\":{\"@id\":\"https:\\\/\\\/artefactonoticias.com\\\/index.php\\\/author\\\/luis-santillan\\\/#author\"},\"datePublished\":\"2024-03-09T22:52:55-07:00\",\"dateModified\":\"2024-03-09T22:53:04-07:00\"},{\"@type\":\"WebSite\",\"@id\":\"https:\\\/\\\/artefactonoticias.com\\\/#website\",\"url\":\"https:\\\/\\\/artefactonoticias.com\\\/\",\"name\":\"artefactonoticias.com\",\"inLanguage\":\"es-MX\",\"publisher\":{\"@id\":\"https:\\\/\\\/artefactonoticias.com\\\/#organization\"}}]}\n\t\t<\/script>\n\t\t<!-- All in One SEO -->\n\n","aioseo_head_json":{"title":"EL PLENO APRUEBA ESTABLECER CAUSALES DE P\u00c9RDIDA Y SUSPENSI\u00d3N DEL EJERCICIO DE LA PATRIA POTESTAD POR FEMINICIDIO - Artefacto Noticias","description":"\u2022 Busca establecer mecanismos legales de protecci\u00f3n a favor de la infancia, trat\u00e1ndose de hechos relacionados con este delito\u2022 La reforma est\u00e1 contenida en el Dictamen. No. 34 de la Comisi\u00f3n de Igualdad de G\u00e9neroMexicali, B.C., s\u00e1bado 9 de marzo de 2024.- El escenario familiar y las consecuencias que al seno de \u00e9sta generan los","canonical_url":"https:\/\/artefactonoticias.com\/index.php\/2024\/03\/09\/el-pleno-aprueba-establecer-causales-de-perdida-y-suspension-del-ejercicio-de-la-patria-potestad-por-feminicidio\/","robots":"max-image-preview:large","keywords":"","webmasterTools":{"miscellaneous":""},"schema":{"@context":"https:\/\/schema.org","@graph":[{"@type":"BlogPosting","@id":"https:\/\/artefactonoticias.com\/index.php\/2024\/03\/09\/el-pleno-aprueba-establecer-causales-de-perdida-y-suspension-del-ejercicio-de-la-patria-potestad-por-feminicidio\/#blogposting","name":"EL PLENO APRUEBA ESTABLECER CAUSALES DE P\u00c9RDIDA Y SUSPENSI\u00d3N DEL EJERCICIO DE LA PATRIA POTESTAD POR FEMINICIDIO - Artefacto Noticias","headline":"EL PLENO APRUEBA ESTABLECER CAUSALES DE P\u00c9RDIDA Y SUSPENSI\u00d3N DEL EJERCICIO DE LA PATRIA POTESTAD POR FEMINICIDIO","author":{"@id":"https:\/\/artefactonoticias.com\/index.php\/author\/luis-santillan\/#author"},"publisher":{"@id":"https:\/\/artefactonoticias.com\/#organization"},"image":{"@type":"ImageObject","url":"https:\/\/artefactonoticias.com\/wp-content\/uploads\/2024\/03\/IMG-20240307-WA0073-1-1024x460.jpg","@id":"https:\/\/artefactonoticias.com\/index.php\/2024\/03\/09\/el-pleno-aprueba-establecer-causales-de-perdida-y-suspension-del-ejercicio-de-la-patria-potestad-por-feminicidio\/#articleImage"},"datePublished":"2024-03-09T22:52:55-07:00","dateModified":"2024-03-09T22:53:04-07:00","inLanguage":"es-MX","mainEntityOfPage":{"@id":"https:\/\/artefactonoticias.com\/index.php\/2024\/03\/09\/el-pleno-aprueba-establecer-causales-de-perdida-y-suspension-del-ejercicio-de-la-patria-potestad-por-feminicidio\/#webpage"},"isPartOf":{"@id":"https:\/\/artefactonoticias.com\/index.php\/2024\/03\/09\/el-pleno-aprueba-establecer-causales-de-perdida-y-suspension-del-ejercicio-de-la-patria-potestad-por-feminicidio\/#webpage"},"articleSection":"Sin categor\u00eda"},{"@type":"BreadcrumbList","@id":"https:\/\/artefactonoticias.com\/index.php\/2024\/03\/09\/el-pleno-aprueba-establecer-causales-de-perdida-y-suspension-del-ejercicio-de-la-patria-potestad-por-feminicidio\/#breadcrumblist","itemListElement":[{"@type":"ListItem","@id":"https:\/\/artefactonoticias.com#listItem","position":1,"name":"Home","item":"https:\/\/artefactonoticias.com","nextItem":{"@type":"ListItem","@id":"https:\/\/artefactonoticias.com\/index.php\/category\/sin-categoria\/#listItem","name":"Sin categor\u00eda"}},{"@type":"ListItem","@id":"https:\/\/artefactonoticias.com\/index.php\/category\/sin-categoria\/#listItem","position":2,"name":"Sin categor\u00eda","item":"https:\/\/artefactonoticias.com\/index.php\/category\/sin-categoria\/","nextItem":{"@type":"ListItem","@id":"https:\/\/artefactonoticias.com\/index.php\/2024\/03\/09\/el-pleno-aprueba-establecer-causales-de-perdida-y-suspension-del-ejercicio-de-la-patria-potestad-por-feminicidio\/#listItem","name":"EL PLENO APRUEBA ESTABLECER CAUSALES DE P\u00c9RDIDA Y SUSPENSI\u00d3N DEL EJERCICIO DE LA PATRIA POTESTAD POR FEMINICIDIO"},"previousItem":{"@type":"ListItem","@id":"https:\/\/artefactonoticias.com#listItem","name":"Home"}},{"@type":"ListItem","@id":"https:\/\/artefactonoticias.com\/index.php\/2024\/03\/09\/el-pleno-aprueba-establecer-causales-de-perdida-y-suspension-del-ejercicio-de-la-patria-potestad-por-feminicidio\/#listItem","position":3,"name":"EL PLENO APRUEBA ESTABLECER CAUSALES DE P\u00c9RDIDA Y SUSPENSI\u00d3N DEL EJERCICIO DE LA PATRIA POTESTAD POR FEMINICIDIO","previousItem":{"@type":"ListItem","@id":"https:\/\/artefactonoticias.com\/index.php\/category\/sin-categoria\/#listItem","name":"Sin categor\u00eda"}}]},{"@type":"Organization","@id":"https:\/\/artefactonoticias.com\/#organization","name":"artefactonoticias.com","url":"https:\/\/artefactonoticias.com\/","logo":{"@type":"ImageObject","url":"https:\/\/artefactonoticias.com\/wp-content\/uploads\/2023\/04\/Artefacto-Logo-256x191-1.png","@id":"https:\/\/artefactonoticias.com\/index.php\/2024\/03\/09\/el-pleno-aprueba-establecer-causales-de-perdida-y-suspension-del-ejercicio-de-la-patria-potestad-por-feminicidio\/#organizationLogo","width":256,"height":191},"image":{"@id":"https:\/\/artefactonoticias.com\/index.php\/2024\/03\/09\/el-pleno-aprueba-establecer-causales-de-perdida-y-suspension-del-ejercicio-de-la-patria-potestad-por-feminicidio\/#organizationLogo"}},{"@type":"Person","@id":"https:\/\/artefactonoticias.com\/index.php\/author\/luis-santillan\/#author","url":"https:\/\/artefactonoticias.com\/index.php\/author\/luis-santillan\/","name":"Luis Santillan","image":{"@type":"ImageObject","@id":"https:\/\/artefactonoticias.com\/index.php\/2024\/03\/09\/el-pleno-aprueba-establecer-causales-de-perdida-y-suspension-del-ejercicio-de-la-patria-potestad-por-feminicidio\/#authorImage","url":"https:\/\/secure.gravatar.com\/avatar\/60dc8a8d7131dc5a28fa778714b8c5b97cd1a7fdc963e3cbfc44a976d47116ca?s=96&d=mm&r=g","width":96,"height":96,"caption":"Luis Santillan"}},{"@type":"WebPage","@id":"https:\/\/artefactonoticias.com\/index.php\/2024\/03\/09\/el-pleno-aprueba-establecer-causales-de-perdida-y-suspension-del-ejercicio-de-la-patria-potestad-por-feminicidio\/#webpage","url":"https:\/\/artefactonoticias.com\/index.php\/2024\/03\/09\/el-pleno-aprueba-establecer-causales-de-perdida-y-suspension-del-ejercicio-de-la-patria-potestad-por-feminicidio\/","name":"EL PLENO APRUEBA ESTABLECER CAUSALES DE P\u00c9RDIDA Y SUSPENSI\u00d3N DEL EJERCICIO DE LA PATRIA POTESTAD POR FEMINICIDIO - Artefacto Noticias","description":"\u2022 Busca establecer mecanismos legales de protecci\u00f3n a favor de la infancia, trat\u00e1ndose de hechos relacionados con este delito\u2022 La reforma est\u00e1 contenida en el Dictamen. No. 34 de la Comisi\u00f3n de Igualdad de G\u00e9neroMexicali, B.C., s\u00e1bado 9 de marzo de 2024.- El escenario familiar y las consecuencias que al seno de \u00e9sta generan los","inLanguage":"es-MX","isPartOf":{"@id":"https:\/\/artefactonoticias.com\/#website"},"breadcrumb":{"@id":"https:\/\/artefactonoticias.com\/index.php\/2024\/03\/09\/el-pleno-aprueba-establecer-causales-de-perdida-y-suspension-del-ejercicio-de-la-patria-potestad-por-feminicidio\/#breadcrumblist"},"author":{"@id":"https:\/\/artefactonoticias.com\/index.php\/author\/luis-santillan\/#author"},"creator":{"@id":"https:\/\/artefactonoticias.com\/index.php\/author\/luis-santillan\/#author"},"datePublished":"2024-03-09T22:52:55-07:00","dateModified":"2024-03-09T22:53:04-07:00"},{"@type":"WebSite","@id":"https:\/\/artefactonoticias.com\/#website","url":"https:\/\/artefactonoticias.com\/","name":"artefactonoticias.com","inLanguage":"es-MX","publisher":{"@id":"https:\/\/artefactonoticias.com\/#organization"}}]},"og:locale":"es_MX","og:site_name":"Artefacto Noticias -","og:type":"article","og:title":"EL PLENO APRUEBA ESTABLECER CAUSALES DE P\u00c9RDIDA Y SUSPENSI\u00d3N DEL EJERCICIO DE LA PATRIA POTESTAD POR FEMINICIDIO - Artefacto Noticias","og:description":"\u2022 Busca establecer mecanismos legales de protecci\u00f3n a favor de la infancia, trat\u00e1ndose de hechos relacionados con este delito\u2022 La reforma est\u00e1 contenida en el Dictamen. No. 34 de la Comisi\u00f3n de Igualdad de G\u00e9neroMexicali, B.C., s\u00e1bado 9 de marzo de 2024.- El escenario familiar y las consecuencias que al seno de \u00e9sta generan los","og:url":"https:\/\/artefactonoticias.com\/index.php\/2024\/03\/09\/el-pleno-aprueba-establecer-causales-de-perdida-y-suspension-del-ejercicio-de-la-patria-potestad-por-feminicidio\/","og:image":"https:\/\/artefactonoticias.com\/wp-content\/uploads\/2023\/04\/Artefacto-Logo-256x191-1.png","og:image:secure_url":"https:\/\/artefactonoticias.com\/wp-content\/uploads\/2023\/04\/Artefacto-Logo-256x191-1.png","article:published_time":"2024-03-10T05:52:55+00:00","article:modified_time":"2024-03-10T05:53:04+00:00","twitter:card":"summary_large_image","twitter:title":"EL PLENO APRUEBA ESTABLECER CAUSALES DE P\u00c9RDIDA Y SUSPENSI\u00d3N DEL EJERCICIO DE LA PATRIA POTESTAD POR FEMINICIDIO - Artefacto Noticias","twitter:description":"\u2022 Busca establecer mecanismos legales de protecci\u00f3n a favor de la infancia, trat\u00e1ndose de hechos relacionados con este delito\u2022 La reforma est\u00e1 contenida en el Dictamen. No. 34 de la Comisi\u00f3n de Igualdad de G\u00e9neroMexicali, B.C., s\u00e1bado 9 de marzo de 2024.- El escenario familiar y las consecuencias que al seno de \u00e9sta generan los","twitter:image":"https:\/\/artefactonoticias.com\/wp-content\/uploads\/2023\/04\/Artefacto-Logo-256x191-1.png"},"aioseo_meta_data":{"post_id":"874","title":null,"description":null,"keywords":null,"keyphrases":null,"primary_term":null,"canonical_url":null,"og_title":null,"og_description":null,"og_object_type":"default","og_image_type":"default","og_image_url":null,"og_image_width":null,"og_image_height":null,"og_image_custom_url":null,"og_image_custom_fields":null,"og_video":null,"og_custom_url":null,"og_article_section":null,"og_article_tags":null,"twitter_use_og":false,"twitter_card":"default","twitter_image_type":"default","twitter_image_url":null,"twitter_image_custom_url":null,"twitter_image_custom_fields":null,"twitter_title":null,"twitter_description":null,"schema":{"blockGraphs":[],"customGraphs":[],"default":{"data":{"Article":[],"Course":[],"Dataset":[],"FAQPage":[],"Movie":[],"Person":[],"Product":[],"ProductReview":[],"Car":[],"Recipe":[],"Service":[],"SoftwareApplication":[],"WebPage":[]},"graphName":"","isEnabled":true},"graphs":[]},"schema_type":"default","schema_type_options":null,"pillar_content":false,"robots_default":true,"robots_noindex":false,"robots_noarchive":false,"robots_nosnippet":false,"robots_nofollow":false,"robots_noimageindex":false,"robots_noodp":false,"robots_notranslate":false,"robots_max_snippet":null,"robots_max_videopreview":null,"robots_max_imagepreview":"large","priority":null,"frequency":null,"local_seo":null,"breadcrumb_settings":null,"limit_modified_date":false,"ai":null,"created":"2024-03-10 06:26:06","updated":"2025-06-05 09:38:10","seo_analyzer_scan_date":null,"focus_keyword":null,"additional_keywords":null,"truseo_locale":null},"aioseo_breadcrumb":"<div class=\"aioseo-breadcrumbs\"><span class=\"aioseo-breadcrumb\">\n\t\t\t<a href=\"https:\/\/artefactonoticias.com\" title=\"Home\">Home<\/a>\n\t\t<\/span><span class=\"aioseo-breadcrumb-separator\">&raquo;<\/span><span class=\"aioseo-breadcrumb\">\n\t\t\t<a href=\"https:\/\/artefactonoticias.com\/index.php\/category\/sin-categoria\/\" title=\"Sin categor\u00eda\">Sin categor\u00eda<\/a>\n\t\t<\/span><span class=\"aioseo-breadcrumb-separator\">&raquo;<\/span><span class=\"aioseo-breadcrumb\">\n\t\t\tEL PLENO APRUEBA ESTABLECER CAUSALES DE P\u00c9RDIDA Y SUSPENSI\u00d3N DEL EJERCICIO DE LA PATRIA POTESTAD POR FEMINICIDIO\n\t\t<\/span><\/div>","aioseo_breadcrumb_json":[{"label":"Home","link":"https:\/\/artefactonoticias.com"},{"label":"Sin categor\u00eda","link":"https:\/\/artefactonoticias.com\/index.php\/category\/sin-categoria\/"},{"label":"EL PLENO APRUEBA ESTABLECER CAUSALES DE P\u00c9RDIDA Y SUSPENSI\u00d3N DEL EJERCICIO DE LA PATRIA POTESTAD POR FEMINICIDIO","link":"https:\/\/artefactonoticias.com\/index.php\/2024\/03\/09\/el-pleno-aprueba-establecer-causales-de-perdida-y-suspension-del-ejercicio-de-la-patria-potestad-por-feminicidio\/"}],"jetpack_sharing_enabled":true,"jetpack_featured_media_url":"","_links":{"self":[{"href":"https:\/\/artefactonoticias.com\/index.php\/wp-json\/wp\/v2\/posts\/874","targetHints":{"allow":["GET"]}}],"collection":[{"href":"https:\/\/artefactonoticias.com\/index.php\/wp-json\/wp\/v2\/posts"}],"about":[{"href":"https:\/\/artefactonoticias.com\/index.php\/wp-json\/wp\/v2\/types\/post"}],"author":[{"embeddable":true,"href":"https:\/\/artefactonoticias.com\/index.php\/wp-json\/wp\/v2\/users\/2"}],"replies":[{"embeddable":true,"href":"https:\/\/artefactonoticias.com\/index.php\/wp-json\/wp\/v2\/comments?post=874"}],"version-history":[{"count":1,"href":"https:\/\/artefactonoticias.com\/index.php\/wp-json\/wp\/v2\/posts\/874\/revisions"}],"predecessor-version":[{"id":875,"href":"https:\/\/artefactonoticias.com\/index.php\/wp-json\/wp\/v2\/posts\/874\/revisions\/875"}],"wp:attachment":[{"href":"https:\/\/artefactonoticias.com\/index.php\/wp-json\/wp\/v2\/media?parent=874"}],"wp:term":[{"taxonomy":"category","embeddable":true,"href":"https:\/\/artefactonoticias.com\/index.php\/wp-json\/wp\/v2\/categories?post=874"},{"taxonomy":"post_tag","embeddable":true,"href":"https:\/\/artefactonoticias.com\/index.php\/wp-json\/wp\/v2\/tags?post=874"}],"curies":[{"name":"wp","href":"https:\/\/api.w.org\/{rel}","templated":true}]}}