{"id":822,"date":"2024-02-18T15:16:01","date_gmt":"2024-02-18T22:16:01","guid":{"rendered":"https:\/\/artefactonoticias.com\/?p=822"},"modified":"2024-02-18T15:16:05","modified_gmt":"2024-02-18T22:16:05","slug":"tres-chamacos-detenidos-por-delito-de-robo-de-vehiculo-con-violencia","status":"publish","type":"post","link":"https:\/\/artefactonoticias.com\/index.php\/2024\/02\/18\/tres-chamacos-detenidos-por-delito-de-robo-de-vehiculo-con-violencia\/","title":{"rendered":"TRES CHAMACOS DETENIDOS POR DELITO DE ROBO DE VEH\u00cdCULO CON VIOLENCIA"},"content":{"rendered":"\n<figure class=\"wp-block-image size-large\"><img loading=\"lazy\" decoding=\"async\" width=\"1024\" height=\"537\" src=\"https:\/\/artefactonoticias.com\/wp-content\/uploads\/2024\/02\/IMG-20240218-WA0010-1024x537.jpg\" alt=\"\" class=\"wp-image-821\" srcset=\"https:\/\/artefactonoticias.com\/wp-content\/uploads\/2024\/02\/IMG-20240218-WA0010-1024x537.jpg 1024w, https:\/\/artefactonoticias.com\/wp-content\/uploads\/2024\/02\/IMG-20240218-WA0010-300x157.jpg 300w, https:\/\/artefactonoticias.com\/wp-content\/uploads\/2024\/02\/IMG-20240218-WA0010-768x402.jpg 768w, https:\/\/artefactonoticias.com\/wp-content\/uploads\/2024\/02\/IMG-20240218-WA0010.jpg 1080w\" sizes=\"auto, (max-width: 1024px) 100vw, 1024px\" \/><\/figure>\n\n\n\n<ul class=\"wp-block-list\">\n<li>Al parecer los imputados se encuentran relacionados\u00a0en otro incidente, registrado en el mismo fraccionamiento.<\/li>\n<\/ul>\n\n\n\n<p><em>MEXICALI, BAJA CALIFORNIA, 18 DE FEBRERO DE 2024<\/em>.- Tres j\u00f3venes relacionados en el robo con violencia de una camioneta Honda CRV modelo 2018, registrado el 12 de febrero en el fraccionamiento Las Palmas, fueron vinculados a proceso con base al trabajo realizado por la Fiscal\u00eda Regional de Mexicali.<\/p>\n\n\n\n<p>En la audiencia de Erick Leonardo \u201cN\u201d, Armando \u201cN\u201d y Ram\u00f3n \u201cN\u201d, el agente del Ministerio P\u00fablico de la Unidad de Investigaci\u00f3n de Robo de Veh\u00edculos logr\u00f3 que el Juez determinara en contra de los imputados la medida cautelar de prisi\u00f3n preventiva, as\u00ed como tres meses para el cierre de la investigaci\u00f3n.<\/p>\n\n\n\n<p>De acuerdo a la carpeta de investigaci\u00f3n, la noche del 12 de febrero, los imputados sorprendieron a la v\u00edctima a quien amagaron con un arma de fuego para despojarlo de su camioneta Honda, despu\u00e9s de cometer el il\u00edcito se dieron a la fuga.<\/p>\n\n\n\n<p>Minutos despu\u00e9s se ubic\u00f3 sobre la Carretera Federal 2, en el ejido Bataquez, la camioneta robada, inici\u00e1ndose una persecuci\u00f3n que culmin\u00f3 en el ejido Tehuantepec cuando al parecer por circular a exceso de velocidad se volcaron. Al revisar el interior del veh\u00edculo, se localiz\u00f3 un arma de fuego tipo fusil.<\/p>\n\n\n\n<p>Cabe se\u00f1alar que,al parecer, los imputados se encuentran relacionados en otro incidente por robo de veh\u00edculo, ocurrido el 1 de febrero en el mismo fraccionamiento, en donde se apoderaron de un veh\u00edculo tipo camioneta Honda CRV modelo 2018.<\/p>\n\n\n\n<p>La Fiscal\u00eda General del Estado fortalece la labor de persecuci\u00f3n del delito mediante m\u00e9todos de investigaci\u00f3n para esclarecer los hechos, buscar que los responsables sean procesados ante la justicia y no dejar impune cualquier delito que lacere la integridad de los bajacalifornianos.<\/p>\n","protected":false},"excerpt":{"rendered":"<p>MEXICALI, BAJA CALIFORNIA, 18 DE FEBRERO DE 2024.- Tres j\u00f3venes relacionados en el robo con&#8230;<\/p>\n","protected":false},"author":2,"featured_media":0,"comment_status":"open","ping_status":"open","sticky":false,"template":"","format":"standard","meta":{"om_disable_all_campaigns":false,"_monsterinsights_skip_tracking":false,"_monsterinsights_sitenote_active":false,"_monsterinsights_sitenote_note":"","_monsterinsights_sitenote_category":0,"_jetpack_memberships_contains_paid_content":false,"footnotes":""},"categories":[1],"tags":[],"class_list":["post-822","post","type-post","status-publish","format-standard","hentry","category-sin-categoria"],"aioseo_notices":[],"jetpack_featured_media_url":"","jetpack_sharing_enabled":true,"_links":{"self":[{"href":"https:\/\/artefactonoticias.com\/index.php\/wp-json\/wp\/v2\/posts\/822","targetHints":{"allow":["GET"]}}],"collection":[{"href":"https:\/\/artefactonoticias.com\/index.php\/wp-json\/wp\/v2\/posts"}],"about":[{"href":"https:\/\/artefactonoticias.com\/index.php\/wp-json\/wp\/v2\/types\/post"}],"author":[{"embeddable":true,"href":"https:\/\/artefactonoticias.com\/index.php\/wp-json\/wp\/v2\/users\/2"}],"replies":[{"embeddable":true,"href":"https:\/\/artefactonoticias.com\/index.php\/wp-json\/wp\/v2\/comments?post=822"}],"version-history":[{"count":1,"href":"https:\/\/artefactonoticias.com\/index.php\/wp-json\/wp\/v2\/posts\/822\/revisions"}],"predecessor-version":[{"id":823,"href":"https:\/\/artefactonoticias.com\/index.php\/wp-json\/wp\/v2\/posts\/822\/revisions\/823"}],"wp:attachment":[{"href":"https:\/\/artefactonoticias.com\/index.php\/wp-json\/wp\/v2\/media?parent=822"}],"wp:term":[{"taxonomy":"category","embeddable":true,"href":"https:\/\/artefactonoticias.com\/index.php\/wp-json\/wp\/v2\/categories?post=822"},{"taxonomy":"post_tag","embeddable":true,"href":"https:\/\/artefactonoticias.com\/index.php\/wp-json\/wp\/v2\/tags?post=822"}],"curies":[{"name":"wp","href":"https:\/\/api.w.org\/{rel}","templated":true}]}}