{"id":308,"date":"2023-07-11T15:45:13","date_gmt":"2023-07-11T22:45:13","guid":{"rendered":"https:\/\/artefactonoticias.com\/?p=308"},"modified":"2023-07-11T15:45:20","modified_gmt":"2023-07-11T22:45:20","slug":"ponen-en-marcha-la-estacion-de-justicia-para-lasmujeres","status":"publish","type":"post","link":"https:\/\/artefactonoticias.com\/index.php\/2023\/07\/11\/ponen-en-marcha-la-estacion-de-justicia-para-lasmujeres\/","title":{"rendered":"PONEN EN MARCHA LA ESTACI\u00d3N DE JUSTICIA PARA LAS<br \/>MUJERES"},"content":{"rendered":"\n<figure class=\"wp-block-image size-large\"><img loading=\"lazy\" decoding=\"async\" width=\"1024\" height=\"683\" src=\"https:\/\/artefactonoticias.com\/wp-content\/uploads\/2023\/07\/IMG-20230711-WA0049-1024x683.jpg\" alt=\"\" class=\"wp-image-307\" srcset=\"https:\/\/artefactonoticias.com\/wp-content\/uploads\/2023\/07\/IMG-20230711-WA0049-1024x683.jpg 1024w, https:\/\/artefactonoticias.com\/wp-content\/uploads\/2023\/07\/IMG-20230711-WA0049-300x200.jpg 300w, https:\/\/artefactonoticias.com\/wp-content\/uploads\/2023\/07\/IMG-20230711-WA0049-768x512.jpg 768w, https:\/\/artefactonoticias.com\/wp-content\/uploads\/2023\/07\/IMG-20230711-WA0049-1536x1024.jpg 1536w, https:\/\/artefactonoticias.com\/wp-content\/uploads\/2023\/07\/IMG-20230711-WA0049.jpg 1600w\" sizes=\"auto, (max-width: 1024px) 100vw, 1024px\" \/><\/figure>\n\n\n\n<ul class=\"wp-block-list\">\n<li>Se instal\u00f3 un modelo piloto en el Centro de Desarrollo Humano de Valle de Puebla.<\/li>\n<\/ul>\n\n\n\n<p>Mexicali, B.C. A martes 11 de julio 2023.- Con el prop\u00f3sito de atender y prevenir la violencia de g\u00e9nero, el Gobierno Municipal implement\u00f3 la Estaci\u00f3n de Justicia para las Mujeres en Mexicali en Valle de Puebla.<\/p>\n\n\n\n<p>Esta iniciativa a cargo del Instituto de la Mujer para el Municipio de Mexicali (IMMM), la cual, busca prevenir la violencia en las comunidades y promover la participaci\u00f3n ciudadana a trav\u00e9s de este modelo piloto que se esta lleva a cabo en el Centro de Desarrollo Humano del fracc. Valle de Puebla, destac\u00f3 la directora de la paramunicipal Leonor Maldonado Meza.<\/p>\n\n\n\n<p>Mencion\u00f3 que, a lo largo de la semana realizan las jornadas para la seguridad ciudadana con la participaci\u00f3n de la Polic\u00eda Municipal, IMACUM, IMDECUF y el Instituto de la Juventud de Mexicali, en donde, imparten asesor\u00edas legales, grupos de apoyos, pl\u00e1ticas, talleres, actividades deportivas, entre otras.<\/p>\n\n\n\n<p>Maldonado Meza, a\u00f1adi\u00f3 que esperan instalar la Estaci\u00f3n de Justicia en todos los centros a cargo de BISOM en el municipio.<\/p>\n","protected":false},"excerpt":{"rendered":"<p>Mexicali, B.C. A martes 11 de julio 2023.- Con el prop\u00f3sito de atender y prevenir&#8230;<\/p>\n","protected":false},"author":2,"featured_media":0,"comment_status":"open","ping_status":"open","sticky":false,"template":"","format":"standard","meta":{"om_disable_all_campaigns":false,"_monsterinsights_skip_tracking":false,"_monsterinsights_sitenote_active":false,"_monsterinsights_sitenote_note":"","_monsterinsights_sitenote_category":0,"_jetpack_memberships_contains_paid_content":false,"footnotes":""},"categories":[1],"tags":[],"class_list":["post-308","post","type-post","status-publish","format-standard","hentry","category-sin-categoria"],"aioseo_notices":[],"jetpack_featured_media_url":"","jetpack_sharing_enabled":true,"_links":{"self":[{"href":"https:\/\/artefactonoticias.com\/index.php\/wp-json\/wp\/v2\/posts\/308","targetHints":{"allow":["GET"]}}],"collection":[{"href":"https:\/\/artefactonoticias.com\/index.php\/wp-json\/wp\/v2\/posts"}],"about":[{"href":"https:\/\/artefactonoticias.com\/index.php\/wp-json\/wp\/v2\/types\/post"}],"author":[{"embeddable":true,"href":"https:\/\/artefactonoticias.com\/index.php\/wp-json\/wp\/v2\/users\/2"}],"replies":[{"embeddable":true,"href":"https:\/\/artefactonoticias.com\/index.php\/wp-json\/wp\/v2\/comments?post=308"}],"version-history":[{"count":1,"href":"https:\/\/artefactonoticias.com\/index.php\/wp-json\/wp\/v2\/posts\/308\/revisions"}],"predecessor-version":[{"id":309,"href":"https:\/\/artefactonoticias.com\/index.php\/wp-json\/wp\/v2\/posts\/308\/revisions\/309"}],"wp:attachment":[{"href":"https:\/\/artefactonoticias.com\/index.php\/wp-json\/wp\/v2\/media?parent=308"}],"wp:term":[{"taxonomy":"category","embeddable":true,"href":"https:\/\/artefactonoticias.com\/index.php\/wp-json\/wp\/v2\/categories?post=308"},{"taxonomy":"post_tag","embeddable":true,"href":"https:\/\/artefactonoticias.com\/index.php\/wp-json\/wp\/v2\/tags?post=308"}],"curies":[{"name":"wp","href":"https:\/\/api.w.org\/{rel}","templated":true}]}}