{"id":2836,"date":"2026-04-28T20:23:32","date_gmt":"2026-04-29T03:23:32","guid":{"rendered":"https:\/\/artefactonoticias.com\/?p=2836"},"modified":"2026-04-28T20:23:33","modified_gmt":"2026-04-29T03:23:33","slug":"congreso-de-baja-california-convoca-al-2-foro-sobre-dispositivos-digitales-en-entornos-escolares","status":"publish","type":"post","link":"https:\/\/artefactonoticias.com\/index.php\/2026\/04\/28\/congreso-de-baja-california-convoca-al-2-foro-sobre-dispositivos-digitales-en-entornos-escolares\/","title":{"rendered":"CONGRESO DE BAJA CALIFORNIA CONVOCA AL 2\u00b0 FORO SOBRE DISPOSITIVOS DIGITALES EN ENTORNOS ESCOLARES"},"content":{"rendered":"\n<figure class=\"wp-block-image size-large\"><img loading=\"lazy\" decoding=\"async\" width=\"1024\" height=\"779\" src=\"https:\/\/artefactonoticias.com\/wp-content\/uploads\/2026\/04\/1000326567-1024x779.jpg\" alt=\"\" class=\"wp-image-2837\" srcset=\"https:\/\/artefactonoticias.com\/wp-content\/uploads\/2026\/04\/1000326567-1024x779.jpg 1024w, https:\/\/artefactonoticias.com\/wp-content\/uploads\/2026\/04\/1000326567-300x228.jpg 300w, https:\/\/artefactonoticias.com\/wp-content\/uploads\/2026\/04\/1000326567-768x585.jpg 768w, https:\/\/artefactonoticias.com\/wp-content\/uploads\/2026\/04\/1000326567.jpg 1440w\" sizes=\"auto, (max-width: 1024px) 100vw, 1024px\" \/><\/figure>\n\n\n\n<p><br>Mexicali, B.C., martes 28 de abril de 2026.- El Congreso del Estado de Baja California en coordinaci\u00f3n con el Hospital de Salud Mental de Tijuana, A.C., invitan a la comunidad educativa y ciudadan\u00eda en general a participar en el 2\u00b0 Foro de Consulta en materia del uso preventivo de dispositivos digitales en entornos escolares, que se celebrar\u00e1 ma\u00f1ana mi\u00e9rcoles 29 de abril a las 13:00 horas en la Sala Mujeres de Baja California Forjadoras de la Patria.<br>Una problem\u00e1tica central es el uso descontrolado de dispositivos digitales en las escuelas, que est\u00e1 provocando distracci\u00f3n en clase, bajo rendimiento acad\u00e9mico y riesgos como el ciberacoso, sin que existan lineamientos claros ni orientaci\u00f3n suficiente para su uso responsable.<br>En seguimiento a la iniciativa presentada por el diputado Ram\u00f3n V\u00e1zquez Valadez para regular el uso de celulares y dispositivos electr\u00f3nicos personales durante la jornada escolar, este foro busca abrir un espacio de di\u00e1logo y an\u00e1lisis entre autoridades educativas, especialistas, docentes, madres, padres de familia y estudiantes, con el fin de construir propuestas preventivas que promuevan un uso responsable y seguro de la tecnolog\u00eda en la comunidad escolar.<br>La convocatoria es abierta al p\u00fablico y contar\u00e1 con la participaci\u00f3n de especialistas en salud mental, quienes ofrecer\u00e1n conferencias y ponencias sobre el impacto de la tecnolog\u00eda en la educaci\u00f3n, la salud mental y la convivencia escolar.<br>A trav\u00e9s de este ejercicio de consulta, se fortalece el an\u00e1lisis legislativo y se recogen aportaciones de la comunidad educativa, en l\u00ednea con la propuesta del diputado V\u00e1zquez Valadez de garantizar un uso responsable y seguro de la tecnolog\u00eda en las aulas.<\/p>\n","protected":false},"excerpt":{"rendered":"<p>Mexicali, B.C., martes 28 de abril de 2026.- El Congreso del Estado de Baja California&#8230;<\/p>\n","protected":false},"author":2,"featured_media":0,"comment_status":"open","ping_status":"open","sticky":false,"template":"","format":"standard","meta":{"om_disable_all_campaigns":false,"_monsterinsights_skip_tracking":false,"_monsterinsights_sitenote_active":false,"_monsterinsights_sitenote_note":"","_monsterinsights_sitenote_category":0,"_jetpack_memberships_contains_paid_content":false,"footnotes":""},"categories":[1],"tags":[],"class_list":["post-2836","post","type-post","status-publish","format-standard","hentry","category-sin-categoria"],"aioseo_notices":[],"jetpack_featured_media_url":"","jetpack_sharing_enabled":true,"_links":{"self":[{"href":"https:\/\/artefactonoticias.com\/index.php\/wp-json\/wp\/v2\/posts\/2836","targetHints":{"allow":["GET"]}}],"collection":[{"href":"https:\/\/artefactonoticias.com\/index.php\/wp-json\/wp\/v2\/posts"}],"about":[{"href":"https:\/\/artefactonoticias.com\/index.php\/wp-json\/wp\/v2\/types\/post"}],"author":[{"embeddable":true,"href":"https:\/\/artefactonoticias.com\/index.php\/wp-json\/wp\/v2\/users\/2"}],"replies":[{"embeddable":true,"href":"https:\/\/artefactonoticias.com\/index.php\/wp-json\/wp\/v2\/comments?post=2836"}],"version-history":[{"count":1,"href":"https:\/\/artefactonoticias.com\/index.php\/wp-json\/wp\/v2\/posts\/2836\/revisions"}],"predecessor-version":[{"id":2838,"href":"https:\/\/artefactonoticias.com\/index.php\/wp-json\/wp\/v2\/posts\/2836\/revisions\/2838"}],"wp:attachment":[{"href":"https:\/\/artefactonoticias.com\/index.php\/wp-json\/wp\/v2\/media?parent=2836"}],"wp:term":[{"taxonomy":"category","embeddable":true,"href":"https:\/\/artefactonoticias.com\/index.php\/wp-json\/wp\/v2\/categories?post=2836"},{"taxonomy":"post_tag","embeddable":true,"href":"https:\/\/artefactonoticias.com\/index.php\/wp-json\/wp\/v2\/tags?post=2836"}],"curies":[{"name":"wp","href":"https:\/\/api.w.org\/{rel}","templated":true}]}}