{"id":2830,"date":"2026-04-28T20:00:33","date_gmt":"2026-04-29T03:00:33","guid":{"rendered":"https:\/\/artefactonoticias.com\/?p=2830"},"modified":"2026-04-28T20:00:35","modified_gmt":"2026-04-29T03:00:35","slug":"congreso-exhorta-a-implementar-identificacion-obligatoria-de-motociclistas-en-bc","status":"publish","type":"post","link":"https:\/\/artefactonoticias.com\/index.php\/2026\/04\/28\/congreso-exhorta-a-implementar-identificacion-obligatoria-de-motociclistas-en-bc\/","title":{"rendered":"CONGRESO EXHORTA A IMPLEMENTAR IDENTIFICACI\u00d3N OBLIGATORIA DE MOTOCICLISTAS EN BC"},"content":{"rendered":"\n<figure class=\"wp-block-image size-large\"><img loading=\"lazy\" decoding=\"async\" width=\"898\" height=\"1024\" src=\"https:\/\/artefactonoticias.com\/wp-content\/uploads\/2026\/04\/1000326548-898x1024.jpg\" alt=\"\" class=\"wp-image-2831\" srcset=\"https:\/\/artefactonoticias.com\/wp-content\/uploads\/2026\/04\/1000326548-898x1024.jpg 898w, https:\/\/artefactonoticias.com\/wp-content\/uploads\/2026\/04\/1000326548-263x300.jpg 263w, https:\/\/artefactonoticias.com\/wp-content\/uploads\/2026\/04\/1000326548-768x876.jpg 768w, https:\/\/artefactonoticias.com\/wp-content\/uploads\/2026\/04\/1000326548-1347x1536.jpg 1347w, https:\/\/artefactonoticias.com\/wp-content\/uploads\/2026\/04\/1000326548-1024x1168.jpg 1024w, https:\/\/artefactonoticias.com\/wp-content\/uploads\/2026\/04\/1000326548.jpg 1403w\" sizes=\"auto, (max-width: 898px) 100vw, 898px\" \/><\/figure>\n\n\n\n<p>La medida no busca vulnerar derechos, sino fortalecer la seguridad p\u00fablica y la prevenci\u00f3n de delitos en beneficio de toda la ciudadan\u00eda<br><br>Mexicali, B.C., La diputada Teresita del Ni\u00f1o Jes\u00fas Ruiz Mendoza, present\u00f3 ante el Pleno de la XXV Legislatura una proposici\u00f3n mediante la cual se exhorta a la Gobernadora del Estado, Marina del Pilar Avila Olmeda para que instruya al Instituto de Movilidad Sustentable del Estado (IMOS) a implementar acciones regulatorias que permitan la plena identificaci\u00f3n de conductores de motocicletas en la entidad.<br>\u201cSe trata de establecer mecanismos claros de identificaci\u00f3n, como la matr\u00edcula visible en el casco o en elementos adicionales, para que autoridades y ciudadan\u00eda puedan reconocer a los motociclistas durante su circulaci\u00f3n en la v\u00eda p\u00fablica\u201d, indic\u00f3 la legisladora.<br>En su exposici\u00f3n de motivos resalt\u00f3 que en los \u00faltimos a\u00f1os se ha observado un incremento en hechos delictivos cometidos a bordo de motocicletas, donde los responsables aprovechan la ausencia de identificaci\u00f3n para evadir la justicia.<br>Por ello, la propuesta plantea fortalecer los registros y padrones de motociclistas, promover su actualizaci\u00f3n y regularizaci\u00f3n, as\u00ed como implementar operativos de supervisi\u00f3n en coordinaci\u00f3n con autoridades municipales y de seguridad p\u00fablica.<br>Reiter\u00f3 que estas medidas buscan coadyuvar en la prevenci\u00f3n de conductas delictivas, sin menoscabo de los derechos de las personas usuarias de motocicletas, promoviendo un equilibrio entre movilidad, seguridad y orden p\u00fablico.<br>La proposici\u00f3n cont\u00f3 con el respaldo un\u00e1nime del Pleno legislativo, y diversas diputaciones de distintas fuerzas pol\u00edticas se adhirieron de manera particular, reconociendo que la problem\u00e1tica de seguridad vinculada al uso de motocicletas requiere soluciones integrales y consensuadas para proteger a la ciudadan\u00eda y fortalecer la capacidad de respuesta institucional.<br>\u201cLa seguridad p\u00fablica es una responsabilidad compartida, y este exhorto refleja la voluntad de todas las fuerzas pol\u00edticas de atender una demanda ciudadana que no puede esperar\u201d, declar\u00f3 Tere Ruiz.<br>En el mismo sentido de prevenci\u00f3n, la diputada del PES anunci\u00f3 que present\u00f3 una iniciativa de reforma a la Ley de Movilidad del Estado, con el prop\u00f3sito de que las consideraciones planteadas en el exhorto queden establecidas de manera permanente en la norma correspondiente, garantizando as\u00ed que estas medidas se conviertan en pol\u00edtica p\u00fablica de largo alcance.<\/p>\n","protected":false},"excerpt":{"rendered":"<p>La medida no busca vulnerar derechos, sino fortalecer la seguridad p\u00fablica y la prevenci\u00f3n de&#8230;<\/p>\n","protected":false},"author":2,"featured_media":0,"comment_status":"open","ping_status":"open","sticky":false,"template":"","format":"standard","meta":{"om_disable_all_campaigns":false,"_monsterinsights_skip_tracking":false,"_monsterinsights_sitenote_active":false,"_monsterinsights_sitenote_note":"","_monsterinsights_sitenote_category":0,"_jetpack_memberships_contains_paid_content":false,"footnotes":""},"categories":[1],"tags":[],"class_list":["post-2830","post","type-post","status-publish","format-standard","hentry","category-sin-categoria"],"aioseo_notices":[],"jetpack_featured_media_url":"","jetpack_sharing_enabled":true,"_links":{"self":[{"href":"https:\/\/artefactonoticias.com\/index.php\/wp-json\/wp\/v2\/posts\/2830","targetHints":{"allow":["GET"]}}],"collection":[{"href":"https:\/\/artefactonoticias.com\/index.php\/wp-json\/wp\/v2\/posts"}],"about":[{"href":"https:\/\/artefactonoticias.com\/index.php\/wp-json\/wp\/v2\/types\/post"}],"author":[{"embeddable":true,"href":"https:\/\/artefactonoticias.com\/index.php\/wp-json\/wp\/v2\/users\/2"}],"replies":[{"embeddable":true,"href":"https:\/\/artefactonoticias.com\/index.php\/wp-json\/wp\/v2\/comments?post=2830"}],"version-history":[{"count":1,"href":"https:\/\/artefactonoticias.com\/index.php\/wp-json\/wp\/v2\/posts\/2830\/revisions"}],"predecessor-version":[{"id":2832,"href":"https:\/\/artefactonoticias.com\/index.php\/wp-json\/wp\/v2\/posts\/2830\/revisions\/2832"}],"wp:attachment":[{"href":"https:\/\/artefactonoticias.com\/index.php\/wp-json\/wp\/v2\/media?parent=2830"}],"wp:term":[{"taxonomy":"category","embeddable":true,"href":"https:\/\/artefactonoticias.com\/index.php\/wp-json\/wp\/v2\/categories?post=2830"},{"taxonomy":"post_tag","embeddable":true,"href":"https:\/\/artefactonoticias.com\/index.php\/wp-json\/wp\/v2\/tags?post=2830"}],"curies":[{"name":"wp","href":"https:\/\/api.w.org\/{rel}","templated":true}]}}