{"id":2698,"date":"2026-03-03T21:04:11","date_gmt":"2026-03-04T04:04:11","guid":{"rendered":"https:\/\/artefactonoticias.com\/?p=2698"},"modified":"2026-03-03T21:04:13","modified_gmt":"2026-03-04T04:04:13","slug":"exhorta-diputado-jaime-canton-a-profeco-a-investigar-practicas-de-telcel-sobre-uso-de-datos-personales","status":"publish","type":"post","link":"https:\/\/artefactonoticias.com\/index.php\/2026\/03\/03\/exhorta-diputado-jaime-canton-a-profeco-a-investigar-practicas-de-telcel-sobre-uso-de-datos-personales\/","title":{"rendered":"EXHORTA DIPUTADO JAIME CANT\u00d3N A PROFECO A INVESTIGAR PR\u00c1CTICAS DE TELCEL SOBRE USO DE DATOS PERSONALES"},"content":{"rendered":"\n<figure class=\"wp-block-image size-large\"><img loading=\"lazy\" decoding=\"async\" width=\"682\" height=\"1024\" src=\"https:\/\/artefactonoticias.com\/wp-content\/uploads\/2026\/03\/1000290159-682x1024.jpg\" alt=\"\" class=\"wp-image-2699\" srcset=\"https:\/\/artefactonoticias.com\/wp-content\/uploads\/2026\/03\/1000290159-682x1024.jpg 682w, https:\/\/artefactonoticias.com\/wp-content\/uploads\/2026\/03\/1000290159-200x300.jpg 200w, https:\/\/artefactonoticias.com\/wp-content\/uploads\/2026\/03\/1000290159-768x1152.jpg 768w, https:\/\/artefactonoticias.com\/wp-content\/uploads\/2026\/03\/1000290159.jpg 853w\" sizes=\"auto, (max-width: 682px) 100vw, 682px\" \/><\/figure>\n\n\n\n<p><br>\u25cf Impuls\u00f3 tambi\u00e9n una reforma para prohibir el condicionamiento de servicios a la entrega de datos con fines comerciales<br>Mexicali, B.C., &#8211; El diputado Jaime Eduardo Cant\u00f3n Rocha, integrante del Grupo Parlamentario de MORENA, present\u00f3 ante el pleno un punto de acuerdo para exhortar al titular de la Procuradur\u00eda Federal del Consumidor (PROFECO), C\u00e9sar Iv\u00e1n Escalante Ruiz, a realizar una revisi\u00f3n t\u00e9cnica y jur\u00eddica del contrato de adhesi\u00f3n utilizado por Radiom\u00f3vil Dipsa, S.A. de C.V. (Telcel), la empresa de telecomunicaciones con mayor participaci\u00f3n de mercado en M\u00e9xico.<br>El exhorto fue acompa\u00f1ado por una iniciativa de reforma a la Ley Federal de Protecci\u00f3n al Consumidor que busca prohibir expresamente que cualquier empresa condicione la venta, adquisici\u00f3n o suministro de bienes y servicios a la aceptaci\u00f3n del tratamiento de datos personales para finalidades secundarias.<br>La acci\u00f3n legislativa parte de una denuncia documentada por la asociaci\u00f3n civil PRODECO (Protecci\u00f3n de los Derechos del Consumidor), presidida por Sergio Moctezuma Mart\u00ednez, que identific\u00f3 cl\u00e1usulas en el aviso de privacidad de Telcel que, a juicio de la organizaci\u00f3n, condicionan la prestaci\u00f3n del servicio a que el usuario autorice el uso comercial de sus datos personales.<br>Entre las disposiciones se\u00f1aladas se encuentran: el an\u00e1lisis de datos del consumidor \u2014incluida informaci\u00f3n de redes sociales\u2014 para generar perfiles con fines publicitarios; la compartici\u00f3n de dichos perfiles con empresas del grupo y socios comerciales; as\u00ed como la transferencia de datos a terceros, incluyendo instituciones financieras, salvo oposici\u00f3n expresa del usuario.<br>La iniciativa establece que ning\u00fan proveedor podr\u00e1 condicionar la relaci\u00f3n comercial a la aceptaci\u00f3n del tratamiento de datos para finalidades distintas a las estrictamente necesarias para la prestaci\u00f3n del servicio, es decir, no restringe la capacidad de las empresas de solicitar consentimiento para usos comerciales, pero exige que sea libre, informado y no condicionado.<br>El diputado Cant\u00f3n sustent\u00f3 su propuesta en tres ordenamientos federales: la Ley Federal de Protecci\u00f3n al Consumidor, que proh\u00edbe pr\u00e1cticas comerciales coercitivas y el condicionamiento de servicios, en los art\u00edculos 7, 10, 43 y 58; en la Ley Federal de Telecomunicaciones y Radiodifusi\u00f3n, que establece en el art\u00edculo 185 en sus fracciones III, XIV y XIX, la protecci\u00f3n de datos y el derecho a no recibir comunicaciones no solicitadas; por \u00faltimo en la Ley Federal de Protecci\u00f3n de Datos Personales en Posesi\u00f3n de los Particulares, los art\u00edculos 7, 8, 14 y 27 referentes al consentimiento libre y los derechos de Acceso, Rectificaci\u00f3n, Cancelaci\u00f3n u Oposici\u00f3n (ARCO) al tratamiento de sus datos personales ante el responsable.<\/p>\n","protected":false},"excerpt":{"rendered":"<p>\u25cf Impuls\u00f3 tambi\u00e9n una reforma para prohibir el condicionamiento de servicios a la entrega de&#8230;<\/p>\n","protected":false},"author":2,"featured_media":0,"comment_status":"open","ping_status":"open","sticky":false,"template":"","format":"standard","meta":{"om_disable_all_campaigns":false,"_monsterinsights_skip_tracking":false,"_monsterinsights_sitenote_active":false,"_monsterinsights_sitenote_note":"","_monsterinsights_sitenote_category":0,"_jetpack_memberships_contains_paid_content":false,"footnotes":""},"categories":[1],"tags":[],"class_list":["post-2698","post","type-post","status-publish","format-standard","hentry","category-sin-categoria"],"aioseo_notices":[],"jetpack_featured_media_url":"","jetpack_sharing_enabled":true,"_links":{"self":[{"href":"https:\/\/artefactonoticias.com\/index.php\/wp-json\/wp\/v2\/posts\/2698","targetHints":{"allow":["GET"]}}],"collection":[{"href":"https:\/\/artefactonoticias.com\/index.php\/wp-json\/wp\/v2\/posts"}],"about":[{"href":"https:\/\/artefactonoticias.com\/index.php\/wp-json\/wp\/v2\/types\/post"}],"author":[{"embeddable":true,"href":"https:\/\/artefactonoticias.com\/index.php\/wp-json\/wp\/v2\/users\/2"}],"replies":[{"embeddable":true,"href":"https:\/\/artefactonoticias.com\/index.php\/wp-json\/wp\/v2\/comments?post=2698"}],"version-history":[{"count":1,"href":"https:\/\/artefactonoticias.com\/index.php\/wp-json\/wp\/v2\/posts\/2698\/revisions"}],"predecessor-version":[{"id":2700,"href":"https:\/\/artefactonoticias.com\/index.php\/wp-json\/wp\/v2\/posts\/2698\/revisions\/2700"}],"wp:attachment":[{"href":"https:\/\/artefactonoticias.com\/index.php\/wp-json\/wp\/v2\/media?parent=2698"}],"wp:term":[{"taxonomy":"category","embeddable":true,"href":"https:\/\/artefactonoticias.com\/index.php\/wp-json\/wp\/v2\/categories?post=2698"},{"taxonomy":"post_tag","embeddable":true,"href":"https:\/\/artefactonoticias.com\/index.php\/wp-json\/wp\/v2\/tags?post=2698"}],"curies":[{"name":"wp","href":"https:\/\/api.w.org\/{rel}","templated":true}]}}