{"id":2062,"date":"2025-07-03T21:08:58","date_gmt":"2025-07-04T04:08:58","guid":{"rendered":"https:\/\/artefactonoticias.com\/?p=2062"},"modified":"2025-07-03T21:09:00","modified_gmt":"2025-07-04T04:09:00","slug":"legislar-con-perspectiva-de-discapacidad-es-responsabilidad-constitucional-etica-y-social-dip-humberto-valle","status":"publish","type":"post","link":"https:\/\/artefactonoticias.com\/index.php\/2025\/07\/03\/legislar-con-perspectiva-de-discapacidad-es-responsabilidad-constitucional-etica-y-social-dip-humberto-valle\/","title":{"rendered":"LEGISLAR CON PERSPECTIVA DE DISCAPACIDAD, ES RESPONSABILIDAD CONSTITUCIONAL, \u00c9TICA Y SOCIAL: DIP. HUMBERTO VALLE"},"content":{"rendered":"\n<figure class=\"wp-block-image size-large\"><img loading=\"lazy\" decoding=\"async\" width=\"724\" height=\"1024\" src=\"https:\/\/artefactonoticias.com\/wp-content\/uploads\/2025\/07\/1000136395-724x1024.jpg\" alt=\"\" class=\"wp-image-2063\" srcset=\"https:\/\/artefactonoticias.com\/wp-content\/uploads\/2025\/07\/1000136395-724x1024.jpg 724w, https:\/\/artefactonoticias.com\/wp-content\/uploads\/2025\/07\/1000136395-212x300.jpg 212w, https:\/\/artefactonoticias.com\/wp-content\/uploads\/2025\/07\/1000136395-768x1086.jpg 768w, https:\/\/artefactonoticias.com\/wp-content\/uploads\/2025\/07\/1000136395-1087x1536.jpg 1087w, https:\/\/artefactonoticias.com\/wp-content\/uploads\/2025\/07\/1000136395-1024x1447.jpg 1024w, https:\/\/artefactonoticias.com\/wp-content\/uploads\/2025\/07\/1000136395.jpg 1132w\" sizes=\"auto, (max-width: 724px) 100vw, 724px\" \/><\/figure>\n\n\n\n<p><br>\u2022 Emite posicionamiento relativo a su iniciativa de modificaci\u00f3n a un art\u00edculo de la Ley de Atenci\u00f3n, y Prevenci\u00f3n de la Violencia Familiar para el Estado<br>\u2022 Tiene la pretensi\u00f3n de que todas las personas con o sin discapacidad, tengan el derecho de tener una vida libre de violencia<\/p>\n\n\n\n<p>El Diputado Adri\u00e1n Humberto Valle Ballesteros, indic\u00f3 que legislar con perspectiva de discapacidad, no es un acto de buena voluntad, sino una responsabilidad constitucional, \u00e9tica y social.<br>Lo que requiere reconocer que la inclusi\u00f3n no debe ser opcional, ni parcial, ni secundaria, sino una obligaci\u00f3n, que les toca cumplir como representantes populares, a\u00f1adi\u00f3 el Legislador del Partido Revolucionario Institucional.<br>As\u00ed lo se\u00f1al\u00f3, al emitir un posicionamiento relativo a su iniciativa de modificaci\u00f3n a un art\u00edculo de la Ley de Atenci\u00f3n, y Prevenci\u00f3n de la Violencia Familiar para el Estado.<br>Se dirigi\u00f3 a las diputaciones en la M\u00e1xima Tribuna, para decirles que es un paso necesario actualizar nuestro marco legal para que sea verdaderamente incluyente, para construir una sociedad m\u00e1s justa.<br>\u201cQue \u00e9sta reforma sea una muestra de que, desde este Congreso, podemos avanzar hacia una Baja California donde nadie quede atr\u00e1s, y donde todas las personas \u2014con o sin discapacidad\u2014 tengan el derecho a una vida libre de violencia\u201d.<br>Resalt\u00f3 que lo m\u00e1s preocupante, es que muchas veces las instituciones encargadas de atender, prevenir y sancionar la violencia familiar no cuentan con la capacitaci\u00f3n, las herramientas ni los protocolos necesarios, para identificar y atender adecuadamente a las personas con discapacidad.<br>Y esto genera una doble victimizaci\u00f3n: primero por la violencia que viven, y luego por la falta de respuestas adecuadas del Estado, por lo que busca corregir esta omisi\u00f3n con su iniciativa, para que las pol\u00edticas p\u00fablicas de prevenci\u00f3n de la violencia familiar incluyan de forma expl\u00edcita, estrategias orientadas a garantizar los derechos de las personas con discapacidad.<br>Finalmente dijo que tambi\u00e9n propone que, todo el personal involucrado en la atenci\u00f3n de casos de violencia familiar reciba capacitaci\u00f3n especializada, accesible y con perspectiva de discapacidad, reconociendo siempre su derecho a recibir una atenci\u00f3n digna, integral y libre de discriminaci\u00f3n.<\/p>\n","protected":false},"excerpt":{"rendered":"<p>\u2022 Emite posicionamiento relativo a su iniciativa de modificaci\u00f3n a un art\u00edculo de la Ley&#8230;<\/p>\n","protected":false},"author":2,"featured_media":0,"comment_status":"open","ping_status":"open","sticky":false,"template":"","format":"standard","meta":{"om_disable_all_campaigns":false,"_monsterinsights_skip_tracking":false,"_monsterinsights_sitenote_active":false,"_monsterinsights_sitenote_note":"","_monsterinsights_sitenote_category":0,"_jetpack_memberships_contains_paid_content":false,"footnotes":""},"categories":[1],"tags":[],"class_list":["post-2062","post","type-post","status-publish","format-standard","hentry","category-sin-categoria"],"aioseo_notices":[],"jetpack_featured_media_url":"","jetpack_sharing_enabled":true,"_links":{"self":[{"href":"https:\/\/artefactonoticias.com\/index.php\/wp-json\/wp\/v2\/posts\/2062","targetHints":{"allow":["GET"]}}],"collection":[{"href":"https:\/\/artefactonoticias.com\/index.php\/wp-json\/wp\/v2\/posts"}],"about":[{"href":"https:\/\/artefactonoticias.com\/index.php\/wp-json\/wp\/v2\/types\/post"}],"author":[{"embeddable":true,"href":"https:\/\/artefactonoticias.com\/index.php\/wp-json\/wp\/v2\/users\/2"}],"replies":[{"embeddable":true,"href":"https:\/\/artefactonoticias.com\/index.php\/wp-json\/wp\/v2\/comments?post=2062"}],"version-history":[{"count":1,"href":"https:\/\/artefactonoticias.com\/index.php\/wp-json\/wp\/v2\/posts\/2062\/revisions"}],"predecessor-version":[{"id":2064,"href":"https:\/\/artefactonoticias.com\/index.php\/wp-json\/wp\/v2\/posts\/2062\/revisions\/2064"}],"wp:attachment":[{"href":"https:\/\/artefactonoticias.com\/index.php\/wp-json\/wp\/v2\/media?parent=2062"}],"wp:term":[{"taxonomy":"category","embeddable":true,"href":"https:\/\/artefactonoticias.com\/index.php\/wp-json\/wp\/v2\/categories?post=2062"},{"taxonomy":"post_tag","embeddable":true,"href":"https:\/\/artefactonoticias.com\/index.php\/wp-json\/wp\/v2\/tags?post=2062"}],"curies":[{"name":"wp","href":"https:\/\/api.w.org\/{rel}","templated":true}]}}