{"id":2059,"date":"2025-07-03T20:46:49","date_gmt":"2025-07-04T03:46:49","guid":{"rendered":"https:\/\/artefactonoticias.com\/?p=2059"},"modified":"2025-07-03T20:46:50","modified_gmt":"2025-07-04T03:46:50","slug":"dip-michelle-tejeda-propone-sanciones-mas-severas-para-quienes-agredan-a-personas-con-discapacidad","status":"publish","type":"post","link":"https:\/\/artefactonoticias.com\/index.php\/2025\/07\/03\/dip-michelle-tejeda-propone-sanciones-mas-severas-para-quienes-agredan-a-personas-con-discapacidad\/","title":{"rendered":"DIP. MICHELLE TEJEDA PROPONE SANCIONES M\u00c1S SEVERAS PARA QUIENES AGREDAN A PERSONAS CON DISCAPACIDAD"},"content":{"rendered":"\n<figure class=\"wp-block-image size-large\"><img loading=\"lazy\" decoding=\"async\" width=\"1024\" height=\"768\" src=\"https:\/\/artefactonoticias.com\/wp-content\/uploads\/2025\/07\/1000134591-1024x768.jpg\" alt=\"\" class=\"wp-image-2060\" srcset=\"https:\/\/artefactonoticias.com\/wp-content\/uploads\/2025\/07\/1000134591-1024x768.jpg 1024w, https:\/\/artefactonoticias.com\/wp-content\/uploads\/2025\/07\/1000134591-300x225.jpg 300w, https:\/\/artefactonoticias.com\/wp-content\/uploads\/2025\/07\/1000134591-768x576.jpg 768w, https:\/\/artefactonoticias.com\/wp-content\/uploads\/2025\/07\/1000134591-1536x1152.jpg 1536w, https:\/\/artefactonoticias.com\/wp-content\/uploads\/2025\/07\/1000134591.jpg 1600w\" sizes=\"auto, (max-width: 1024px) 100vw, 1024px\" \/><\/figure>\n\n\n\n<p><br><br>\u2022 La legisladora busca que lesiones y homicidios contra personas con discapacidad sean considerados delitos calificados<br>\u2022 La reforma considera tambi\u00e9n el uso intencional de veh\u00edculos de motor como agravante de premeditaci\u00f3n<\/p>\n\n\n\n<p><br>Con el objetivo de fortalecer el acceso a la justicia de las personas con discapacidad y ofrecerles mayor protecci\u00f3n frente a delitos graves, la diputada integrante del Grupo Parlamentario de Morena, Michelle Tejeda, present\u00f3 una iniciativa para que las lesiones y el homicidio se consideren delitos calificados cuando se cometan en contra de personas con cualquier tipo y grado de discapacidad.<br>La congresista se\u00f1al\u00f3 que persisten altos \u00edndices de discriminaci\u00f3n hacia este sector, acompa\u00f1ados frecuentemente de violencia f\u00edsica o psicol\u00f3gica, tanto en el entorno familiar como social. \u201cLamentablemente, las personas con discapacidad sufren violencia no solo por parte de familiares, sino tambi\u00e9n de gente cercana a su entorno social y de desconocidos\u201d, apunt\u00f3.<br>Refiri\u00f3 que las mujeres y ni\u00f1as con discapacidad enfrentan una mayor probabilidad de ser v\u00edctimas de violencia f\u00edsica, sexual, psicol\u00f3gica y econ\u00f3mica, debido a estigmas asociados tanto al g\u00e9nero como a la discapacidad.<br>Actualmente, el C\u00f3digo Penal del Estado contempla sanciones agravadas cuando ciertos delitos se cometen contra personas con discapacidad \u2014como el feminicidio, la discriminaci\u00f3n o el hostigamiento sexual\u2014, pero no as\u00ed en el caso de lesiones y homicidios, explic\u00f3.<br>En este sentido, Michelle Tejeda propone reformar el art\u00edculo 147 del C\u00f3digo Penal para Baja California, con el fin de establecer expresamente que los delitos de lesiones y homicidio se califiquen cuando sean perpetrados con premeditaci\u00f3n, ventaja, alevos\u00eda, traici\u00f3n u odio en contra de personas con discapacidad.<br>Adem\u00e1s, plantea incorporar como supuesto de premeditaci\u00f3n el hecho de que dichos delitos se cometan por medio de atropello, colisi\u00f3n o vuelco intencional con veh\u00edculo de motor.<br>\u201cLa presente iniciativa busca reflejar la realidad de un colectivo social altamente vulnerable y garantizar que cualquier conducta antijur\u00eddica sea sancionada con el mayor rigor de la ley\u201d, concluy\u00f3 la diputada, presidenta de la Comisi\u00f3n de Bienestar, Derechos de la Ni\u00f1ez, Juventudes, Personas con Discapacidad y Adultos Mayores.<\/p>\n","protected":false},"excerpt":{"rendered":"<p>\u2022 La legisladora busca que lesiones y homicidios contra personas con discapacidad sean considerados delitos&#8230;<\/p>\n","protected":false},"author":2,"featured_media":0,"comment_status":"open","ping_status":"open","sticky":false,"template":"","format":"standard","meta":{"om_disable_all_campaigns":false,"_monsterinsights_skip_tracking":false,"_monsterinsights_sitenote_active":false,"_monsterinsights_sitenote_note":"","_monsterinsights_sitenote_category":0,"_jetpack_memberships_contains_paid_content":false,"footnotes":""},"categories":[1],"tags":[],"class_list":["post-2059","post","type-post","status-publish","format-standard","hentry","category-sin-categoria"],"aioseo_notices":[],"jetpack_featured_media_url":"","jetpack_sharing_enabled":true,"_links":{"self":[{"href":"https:\/\/artefactonoticias.com\/index.php\/wp-json\/wp\/v2\/posts\/2059","targetHints":{"allow":["GET"]}}],"collection":[{"href":"https:\/\/artefactonoticias.com\/index.php\/wp-json\/wp\/v2\/posts"}],"about":[{"href":"https:\/\/artefactonoticias.com\/index.php\/wp-json\/wp\/v2\/types\/post"}],"author":[{"embeddable":true,"href":"https:\/\/artefactonoticias.com\/index.php\/wp-json\/wp\/v2\/users\/2"}],"replies":[{"embeddable":true,"href":"https:\/\/artefactonoticias.com\/index.php\/wp-json\/wp\/v2\/comments?post=2059"}],"version-history":[{"count":1,"href":"https:\/\/artefactonoticias.com\/index.php\/wp-json\/wp\/v2\/posts\/2059\/revisions"}],"predecessor-version":[{"id":2061,"href":"https:\/\/artefactonoticias.com\/index.php\/wp-json\/wp\/v2\/posts\/2059\/revisions\/2061"}],"wp:attachment":[{"href":"https:\/\/artefactonoticias.com\/index.php\/wp-json\/wp\/v2\/media?parent=2059"}],"wp:term":[{"taxonomy":"category","embeddable":true,"href":"https:\/\/artefactonoticias.com\/index.php\/wp-json\/wp\/v2\/categories?post=2059"},{"taxonomy":"post_tag","embeddable":true,"href":"https:\/\/artefactonoticias.com\/index.php\/wp-json\/wp\/v2\/tags?post=2059"}],"curies":[{"name":"wp","href":"https:\/\/api.w.org\/{rel}","templated":true}]}}