{"id":1926,"date":"2025-05-18T20:23:07","date_gmt":"2025-05-19T03:23:07","guid":{"rendered":"https:\/\/artefactonoticias.com\/?p=1926"},"modified":"2025-05-18T20:23:09","modified_gmt":"2025-05-19T03:23:09","slug":"propone-diputada-evelyn-sanchez-establecer-catalogo-de-medidas-de-proteccion-de-menores","status":"publish","type":"post","link":"https:\/\/artefactonoticias.com\/index.php\/2025\/05\/18\/propone-diputada-evelyn-sanchez-establecer-catalogo-de-medidas-de-proteccion-de-menores\/","title":{"rendered":"PROPONE DIPUTADA EVELYN S\u00c1NCHEZ ESTABLECER CAT\u00c1LOGO DE MEDIDAS DE PROTECCI\u00d3N DE MENORES"},"content":{"rendered":"\n<figure class=\"wp-block-image size-large\"><img loading=\"lazy\" decoding=\"async\" width=\"682\" height=\"1024\" src=\"https:\/\/artefactonoticias.com\/wp-content\/uploads\/2025\/05\/1000104671-682x1024.jpg\" alt=\"\" class=\"wp-image-1927\" srcset=\"https:\/\/artefactonoticias.com\/wp-content\/uploads\/2025\/05\/1000104671-682x1024.jpg 682w, https:\/\/artefactonoticias.com\/wp-content\/uploads\/2025\/05\/1000104671-200x300.jpg 200w, https:\/\/artefactonoticias.com\/wp-content\/uploads\/2025\/05\/1000104671-768x1152.jpg 768w, https:\/\/artefactonoticias.com\/wp-content\/uploads\/2025\/05\/1000104671.jpg 853w\" sizes=\"auto, (max-width: 682px) 100vw, 682px\" \/><\/figure>\n\n\n\n<p><br><br>\u2022 La legislaci\u00f3n vigente carece de un cat\u00e1logo de estas medidas y mecanismos de protecci\u00f3n de ni\u00f1as, ni\u00f1os y adolescentes<br>Mexicali, B.C., s\u00e1bado 17 de mayo de 2025.- La diputada Evelyn S\u00e1nchez S\u00e1nchez, present\u00f3 iniciativa de reforma a la Ley de Protecci\u00f3n y Defensa de los Derechos de las Ni\u00f1as, Ni\u00f1os y Adolescentes del Estado de Baja California, para establecer un cat\u00e1logo de medidas de protecci\u00f3n especial de derechos en atenci\u00f3n al principio de inter\u00e9s superior de la ni\u00f1ez.<br>En la exposici\u00f3n de motivos, la legisladora explica que la legislaci\u00f3n vigente carece de una definici\u00f3n precisa y de un cat\u00e1logo espec\u00edfico de estas medidas, lo cual genera incertidumbre jur\u00eddica y contraviene los principios rectores de protecci\u00f3n integral, lo que significa una afectaci\u00f3n directa a los derechos fundamentales de las y los menores de edad.<br>En ese sentido, propone que adem\u00e1s de establecer el cat\u00e1logo espec\u00edfico de las medidas de protecci\u00f3n, se instituyan mecanismos que protejan a las Ni\u00f1as, Ni\u00f1os y Adolescentes (NNA) de cualquier acto relacionado con maltrato o violencia por quienes ejerzan sobre ellos la patria potestad, tutela, custodia o los tenga bajo su cuidado.<br>Por ello, la diputada Evelyn S\u00e1nchez asegur\u00f3 que es necesario especificar que las medidas de protecci\u00f3n son acciones de precauci\u00f3n personalizadas e intransferibles, dictadas por un juez para neutralizar la violencia ejercida hacia la v\u00edctima, ya que permiten asegurar su integridad f\u00edsica y psicol\u00f3gica.<br>Agreg\u00f3 que los avances en la aplicaci\u00f3n efectiva de la ley enfrentan desaf\u00edos significativos, ya que dentro del informe de evaluaci\u00f3n del periodo 2019-2021 se indica que las acciones jur\u00eddicas, psicol\u00f3gicas y sociales por parte de las instancias encargadas de proteger y salvaguardar a las NNA en Baja California son deficientes, debido a la falta de protocolos claros, la capacitaci\u00f3n insuficiente del personal y los recursos limitados, lo que impide una respuesta adecuada y oportuna ante situaciones de riesgo para este sector de la poblaci\u00f3n.<br>Refiri\u00f3 que para el estado debe ser prioridad otorgar la protecci\u00f3n m\u00e1s amplia de sus derechos, con base en las disposiciones jur\u00eddicas nacionales como la Ley General de los Derechos de Ni\u00f1as, Ni\u00f1os y Adolescentes, as\u00ed como los tratados internacionales de los que M\u00e9xico forma parte y obligan al Estado a establecer mecanismos de protecci\u00f3n efectivos frente a cualquier forma de maltrato, negligencia o abuso, as\u00ed como garantizar cuidados alternativos.<\/p>\n","protected":false},"excerpt":{"rendered":"<p>\u2022 La legislaci\u00f3n vigente carece de un cat\u00e1logo de estas medidas y mecanismos de protecci\u00f3n&#8230;<\/p>\n","protected":false},"author":2,"featured_media":0,"comment_status":"open","ping_status":"open","sticky":false,"template":"","format":"standard","meta":{"om_disable_all_campaigns":false,"_monsterinsights_skip_tracking":false,"_monsterinsights_sitenote_active":false,"_monsterinsights_sitenote_note":"","_monsterinsights_sitenote_category":0,"_jetpack_memberships_contains_paid_content":false,"footnotes":""},"categories":[1],"tags":[],"class_list":["post-1926","post","type-post","status-publish","format-standard","hentry","category-sin-categoria"],"aioseo_notices":[],"jetpack_featured_media_url":"","jetpack_sharing_enabled":true,"_links":{"self":[{"href":"https:\/\/artefactonoticias.com\/index.php\/wp-json\/wp\/v2\/posts\/1926","targetHints":{"allow":["GET"]}}],"collection":[{"href":"https:\/\/artefactonoticias.com\/index.php\/wp-json\/wp\/v2\/posts"}],"about":[{"href":"https:\/\/artefactonoticias.com\/index.php\/wp-json\/wp\/v2\/types\/post"}],"author":[{"embeddable":true,"href":"https:\/\/artefactonoticias.com\/index.php\/wp-json\/wp\/v2\/users\/2"}],"replies":[{"embeddable":true,"href":"https:\/\/artefactonoticias.com\/index.php\/wp-json\/wp\/v2\/comments?post=1926"}],"version-history":[{"count":1,"href":"https:\/\/artefactonoticias.com\/index.php\/wp-json\/wp\/v2\/posts\/1926\/revisions"}],"predecessor-version":[{"id":1928,"href":"https:\/\/artefactonoticias.com\/index.php\/wp-json\/wp\/v2\/posts\/1926\/revisions\/1928"}],"wp:attachment":[{"href":"https:\/\/artefactonoticias.com\/index.php\/wp-json\/wp\/v2\/media?parent=1926"}],"wp:term":[{"taxonomy":"category","embeddable":true,"href":"https:\/\/artefactonoticias.com\/index.php\/wp-json\/wp\/v2\/categories?post=1926"},{"taxonomy":"post_tag","embeddable":true,"href":"https:\/\/artefactonoticias.com\/index.php\/wp-json\/wp\/v2\/tags?post=1926"}],"curies":[{"name":"wp","href":"https:\/\/api.w.org\/{rel}","templated":true}]}}