{"id":1658,"date":"2025-03-14T15:19:49","date_gmt":"2025-03-14T22:19:49","guid":{"rendered":"https:\/\/artefactonoticias.com\/?p=1658"},"modified":"2025-03-14T15:19:49","modified_gmt":"2025-03-14T22:19:49","slug":"congreso-aprueba-reforma-a-ley-para-el-fomento-de-produccion-artesanal-en-centros-de-reinsercion-social","status":"publish","type":"post","link":"https:\/\/artefactonoticias.com\/index.php\/2025\/03\/14\/congreso-aprueba-reforma-a-ley-para-el-fomento-de-produccion-artesanal-en-centros-de-reinsercion-social\/","title":{"rendered":"CONGRESO APRUEBA REFORMA A LEY, PARA EL FOMENTO DE PRODUCCI\u00d3N ARTESANAL EN CENTROS DE REINSERCI\u00d3N SOCIAL"},"content":{"rendered":"\n<figure class=\"wp-block-image size-large\"><img loading=\"lazy\" decoding=\"async\" width=\"721\" height=\"1024\" src=\"https:\/\/artefactonoticias.com\/wp-content\/uploads\/2025\/03\/1000062331-721x1024.jpg\" alt=\"\" class=\"wp-image-1659\" srcset=\"https:\/\/artefactonoticias.com\/wp-content\/uploads\/2025\/03\/1000062331-721x1024.jpg 721w, https:\/\/artefactonoticias.com\/wp-content\/uploads\/2025\/03\/1000062331-211x300.jpg 211w, https:\/\/artefactonoticias.com\/wp-content\/uploads\/2025\/03\/1000062331-768x1091.jpg 768w, https:\/\/artefactonoticias.com\/wp-content\/uploads\/2025\/03\/1000062331.jpg 1000w\" sizes=\"auto, (max-width: 721px) 100vw, 721px\" \/><\/figure>\n\n\n\n<p><br>\u2022 Diputada Gloria Miramontes present\u00f3 esta iniciativa y fue estudiada y dictaminada por la Comisi\u00f3n de Desarrollo Econ\u00f3mico y Comercio Binacional<br>\u2022 Tiene como prop\u00f3sito ajustar el glosario de la ley en la materia con base al uso del lenguaje incluyente; y que se fomente el trabajo artesanal realizado por personas privadas de su libertad<br>Mexicali, B.C., jueves 13 de marzo de 2025.- El Dictamen No. 1 de la Comisi\u00f3n de Desarrollo Econ\u00f3mico y Comercio Binacional, fue aprobado por el Pleno y contiene la Iniciativa de reforma y adici\u00f3n a la Ley de Fomento a la Producci\u00f3n Artesanal de Baja California, presentada por la Diputada Gloria Arcelia Miramontes Plantillas.<br>Tiene como prop\u00f3sito ajustar el glosario de la ley con base al uso del lenguaje incluyente; que se fomente el trabajo artesanal realizado por las personas privadas de su libertad en los Centros de Reinserci\u00f3n Social.<br>Entre las principales razones que detall\u00f3 la inicialista que desde su \u00f3ptica justifican el cambio legislativo, est\u00e1n las siguientes: Estas actividades les proporcionan habilidades, destrezas y un \u00e1rea de emprendimiento que puede conducir a la independencia econ\u00f3mica una vez que recuperen su libertad.<br>La comercializaci\u00f3n de artesan\u00edas, permite a las personas privadas de la libertad generar ingresos para ellos y sus familias, un aspecto crucial para sostener el bienestar econ\u00f3mico de los individuos y ofrecerles un incentivo adicional para participar en actividades de reinserci\u00f3n.<br>Existen antecedentes de instituciones como la Comisi\u00f3n Estatal del Sistema Penitenciario de crear una marca registrada para los productos artesanales elaborados por personas privadas de la libertad. Esto demuestra un compromiso institucional con el desarrollo y la promoci\u00f3n de estas iniciativas.<br>Por tales motivos, las diputaciones aprobaron la reforma al art\u00edculo 3, fracci\u00f3n II, de la Ley de Fomento a la Producci\u00f3n Artesanal, para quedar como sigue: Las personas artesanas y artesanos que con sensibilidad y creatividad, desarrollan sus habilidades naturales o t\u00e9cnicas para elaborar artesan\u00edas en forma predominantemente manual o auxiliado por el uso de medios mec\u00e1nicos de producci\u00f3n o de cualquier otro tipo que implique innovaci\u00f3n en los medios y fines empleados para crear una determinada artesan\u00eda.<br>As\u00ed mismo, se aprueba la adici\u00f3n de un Cap\u00edtulo VIII denominado \u201cDe las Artesan\u00edas producidas en los Centros de Reinserci\u00f3n Social\u201d, y la adici\u00f3n de un art\u00edculo 26 a la Ley en comento, para que quede de la siguiente manera: Las autoridades, en el \u00e1mbito de sus atribuciones, coadyuvar\u00e1n al fomento, promoci\u00f3n y comercializaci\u00f3n del producto artesanal realizado por las personas privadas de la libertad en los Centros de Reinserci\u00f3n Social del Estado.<br>Para cumplimiento de lo anterior, las acciones que se realicen deber\u00e1n estar alineadas con las determinaciones que al efecto establezca la Comisi\u00f3n Estatal del Sistema Penitenciario de Baja California.<\/p>\n","protected":false},"excerpt":{"rendered":"<p>\u2022 Diputada Gloria Miramontes present\u00f3 esta iniciativa y fue estudiada y dictaminada por la Comisi\u00f3n&#8230;<\/p>\n","protected":false},"author":2,"featured_media":0,"comment_status":"open","ping_status":"open","sticky":false,"template":"","format":"standard","meta":{"om_disable_all_campaigns":false,"_monsterinsights_skip_tracking":false,"_monsterinsights_sitenote_active":false,"_monsterinsights_sitenote_note":"","_monsterinsights_sitenote_category":0,"_jetpack_memberships_contains_paid_content":false,"footnotes":""},"categories":[1],"tags":[],"class_list":["post-1658","post","type-post","status-publish","format-standard","hentry","category-sin-categoria"],"aioseo_notices":[],"jetpack_featured_media_url":"","jetpack_sharing_enabled":true,"_links":{"self":[{"href":"https:\/\/artefactonoticias.com\/index.php\/wp-json\/wp\/v2\/posts\/1658","targetHints":{"allow":["GET"]}}],"collection":[{"href":"https:\/\/artefactonoticias.com\/index.php\/wp-json\/wp\/v2\/posts"}],"about":[{"href":"https:\/\/artefactonoticias.com\/index.php\/wp-json\/wp\/v2\/types\/post"}],"author":[{"embeddable":true,"href":"https:\/\/artefactonoticias.com\/index.php\/wp-json\/wp\/v2\/users\/2"}],"replies":[{"embeddable":true,"href":"https:\/\/artefactonoticias.com\/index.php\/wp-json\/wp\/v2\/comments?post=1658"}],"version-history":[{"count":1,"href":"https:\/\/artefactonoticias.com\/index.php\/wp-json\/wp\/v2\/posts\/1658\/revisions"}],"predecessor-version":[{"id":1660,"href":"https:\/\/artefactonoticias.com\/index.php\/wp-json\/wp\/v2\/posts\/1658\/revisions\/1660"}],"wp:attachment":[{"href":"https:\/\/artefactonoticias.com\/index.php\/wp-json\/wp\/v2\/media?parent=1658"}],"wp:term":[{"taxonomy":"category","embeddable":true,"href":"https:\/\/artefactonoticias.com\/index.php\/wp-json\/wp\/v2\/categories?post=1658"},{"taxonomy":"post_tag","embeddable":true,"href":"https:\/\/artefactonoticias.com\/index.php\/wp-json\/wp\/v2\/tags?post=1658"}],"curies":[{"name":"wp","href":"https:\/\/api.w.org\/{rel}","templated":true}]}}