{"id":1322,"date":"2024-09-16T14:00:20","date_gmt":"2024-09-16T21:00:20","guid":{"rendered":"https:\/\/artefactonoticias.com\/?p=1322"},"modified":"2024-09-16T14:00:21","modified_gmt":"2024-09-16T21:00:21","slug":"da-el-grito-el-diputado-jaime-canton-en-palaco","status":"publish","type":"post","link":"https:\/\/artefactonoticias.com\/index.php\/2024\/09\/16\/da-el-grito-el-diputado-jaime-canton-en-palaco\/","title":{"rendered":"DA \u201cEL GRITO\u201d EL DIPUTADO JAIME CANT\u00d3N EN PALACO"},"content":{"rendered":"\n<figure class=\"wp-block-image size-large\"><img loading=\"lazy\" decoding=\"async\" width=\"1024\" height=\"823\" src=\"https:\/\/artefactonoticias.com\/wp-content\/uploads\/2024\/09\/1000253753-1024x823.jpg\" alt=\"\" class=\"wp-image-1323\" srcset=\"https:\/\/artefactonoticias.com\/wp-content\/uploads\/2024\/09\/1000253753-1024x823.jpg 1024w, https:\/\/artefactonoticias.com\/wp-content\/uploads\/2024\/09\/1000253753-300x241.jpg 300w, https:\/\/artefactonoticias.com\/wp-content\/uploads\/2024\/09\/1000253753-768x618.jpg 768w, https:\/\/artefactonoticias.com\/wp-content\/uploads\/2024\/09\/1000253753.jpg 1077w\" sizes=\"auto, (max-width: 1024px) 100vw, 1024px\" \/><\/figure>\n\n\n\n<p><\/p>\n\n\n\n<p>Mexicali.-En el marco de las Fiestas Patrias de Palaco 2024 y ante cientos de cachanillas el Diputado Estatal, Jaime Cant\u00f3n Rocha, dio el grito de independencia.<\/p>\n\n\n\n<p>Como lo marca la tradici\u00f3n, el integrante de la Legislatura XXV del Congreso del Estado, se dirigi\u00f3 a la audiencia para gritar \u00a1Viva la Independencia!, \u00a1Viva Miguel Hidalgo y Costilla!, \u00a1Viva Josefa Ortiz de Dom\u00ednguez!, \u00a1Viva Ignacio Allende!, \u00a1Viva Leona Vicario!, \u00a1Viva Jos\u00e9 Mar\u00eda Morelos y Pav\u00f3n!, \u00a1Viva M\u00e9xico! Entre otras consignas.<\/p>\n\n\n\n<p>\u201cMe llena de orgullo encabezar la celebraci\u00f3n por el 214 aniversario del inicio del movimiento de independencia en unas fiestas patrias tan tradicionales y familiares, es un honor, poder dar el grito en mi distrito\u201d, manifest\u00f3.<\/p>\n\n\n\n<p>Cant\u00f3n Rocha, agradeci\u00f3 el cari\u00f1o y entusiasmo de los mexicalenses que se dieron cita en el Parque Benito Ju\u00e1rez en la Delegaci\u00f3n Gonz\u00e1lez Ortega, para disfrutar de m\u00fasica, antojitos mexicanos y juegos mec\u00e1nicos.<\/p>\n\n\n\n<p>En el evento, se cont\u00f3 con la presencia de Gerardo Siqueiros Coronel, Director de Desarrollo Rural, Delegaciones, Anah\u00ed Mart\u00ednez Garc\u00eda, Directora de IMACUM, Francisca Arreola, Representante de la Comunidad, Juan Pablo R\u00edos Ortega, Presidente del Comit\u00e9 de Fiestas Patrias y Heidi Cant\u00fa Le\u00f3n, Embajadora Fiestas Patrias, Gonzalez Ortega 2024.<\/p>\n","protected":false},"excerpt":{"rendered":"<p>Mexicali.-En el marco de las Fiestas Patrias de Palaco 2024 y ante cientos de cachanillas&#8230;<\/p>\n","protected":false},"author":2,"featured_media":0,"comment_status":"open","ping_status":"open","sticky":false,"template":"","format":"standard","meta":{"om_disable_all_campaigns":false,"_monsterinsights_skip_tracking":false,"_monsterinsights_sitenote_active":false,"_monsterinsights_sitenote_note":"","_monsterinsights_sitenote_category":0,"_jetpack_memberships_contains_paid_content":false,"footnotes":""},"categories":[1],"tags":[],"class_list":["post-1322","post","type-post","status-publish","format-standard","hentry","category-sin-categoria"],"aioseo_notices":[],"jetpack_featured_media_url":"","jetpack_sharing_enabled":true,"_links":{"self":[{"href":"https:\/\/artefactonoticias.com\/index.php\/wp-json\/wp\/v2\/posts\/1322","targetHints":{"allow":["GET"]}}],"collection":[{"href":"https:\/\/artefactonoticias.com\/index.php\/wp-json\/wp\/v2\/posts"}],"about":[{"href":"https:\/\/artefactonoticias.com\/index.php\/wp-json\/wp\/v2\/types\/post"}],"author":[{"embeddable":true,"href":"https:\/\/artefactonoticias.com\/index.php\/wp-json\/wp\/v2\/users\/2"}],"replies":[{"embeddable":true,"href":"https:\/\/artefactonoticias.com\/index.php\/wp-json\/wp\/v2\/comments?post=1322"}],"version-history":[{"count":1,"href":"https:\/\/artefactonoticias.com\/index.php\/wp-json\/wp\/v2\/posts\/1322\/revisions"}],"predecessor-version":[{"id":1324,"href":"https:\/\/artefactonoticias.com\/index.php\/wp-json\/wp\/v2\/posts\/1322\/revisions\/1324"}],"wp:attachment":[{"href":"https:\/\/artefactonoticias.com\/index.php\/wp-json\/wp\/v2\/media?parent=1322"}],"wp:term":[{"taxonomy":"category","embeddable":true,"href":"https:\/\/artefactonoticias.com\/index.php\/wp-json\/wp\/v2\/categories?post=1322"},{"taxonomy":"post_tag","embeddable":true,"href":"https:\/\/artefactonoticias.com\/index.php\/wp-json\/wp\/v2\/tags?post=1322"}],"curies":[{"name":"wp","href":"https:\/\/api.w.org\/{rel}","templated":true}]}}