{"id":1260,"date":"2024-08-11T13:31:43","date_gmt":"2024-08-11T20:31:43","guid":{"rendered":"https:\/\/artefactonoticias.com\/?p=1260"},"modified":"2024-08-11T13:31:46","modified_gmt":"2024-08-11T20:31:46","slug":"rescata-fuerza-estatal-a-20-migrantes-provenientes-de-africa-del-norte","status":"publish","type":"post","link":"https:\/\/artefactonoticias.com\/index.php\/2024\/08\/11\/rescata-fuerza-estatal-a-20-migrantes-provenientes-de-africa-del-norte\/","title":{"rendered":"RESCATA FUERZA ESTATAL A 20 MIGRANTES PROVENIENTES DE \u00c1FRICA DEL NORTE"},"content":{"rendered":"\n<p class=\"wp-block-paragraph\">Domingo, 11 de agosto de 2024<\/p>\n\n\n\n<figure class=\"wp-block-image size-full\"><img loading=\"lazy\" decoding=\"async\" width=\"688\" height=\"560\" src=\"https:\/\/artefactonoticias.com\/wp-content\/uploads\/2024\/08\/1000239289.jpg\" alt=\"\" class=\"wp-image-1261\" srcset=\"https:\/\/artefactonoticias.com\/wp-content\/uploads\/2024\/08\/1000239289.jpg 688w, https:\/\/artefactonoticias.com\/wp-content\/uploads\/2024\/08\/1000239289-300x244.jpg 300w\" sizes=\"auto, (max-width: 688px) 100vw, 688px\" \/><\/figure>\n\n\n\n<p class=\"wp-block-paragraph\">*.- Los migrantes expresaron haber recorrido al menos tres pa\u00edses antes de llegar a M\u00e9xico.<\/p>\n\n\n\n<p class=\"wp-block-paragraph\">MEXICALI.- Un total de 20 personas extranjeras que se encontraban al interior de un domicilio de la ciudad de Mexicali, capital del Estado de Baja California, fueron rescatados por agentes de la Fuerza Estatal de Seguridad Ciudadana (FESC) luego de que se atendi\u00f3 una denuncia an\u00f3nima a la l\u00ednea 089 en la que se report\u00f3 a personas presuntamente privadas de su libertad; se cont\u00f3 con el apoyo del Instituto Nacional de Migraci\u00f3n (INM).<\/p>\n\n\n\n<p class=\"wp-block-paragraph\">Fue sobre la calle Del Manantial esquina con avenida De La Esperanza en el ejido Islas Agrarias Grupo A, en donde los agentes adscritos a la Secretar\u00eda de Seguridad Ciudadana de Baja California (SSCBC) llevaron a cabo un operativo de atenci\u00f3n inmediata a una denuncia realizada por un ciudadano, en la que se hizo de conocimiento que varias personas gritaban desde el interior de una casa, pero no entend\u00edan el idioma.<\/p>\n\n\n\n<p class=\"wp-block-paragraph\">Al tener identificado el domicilio descrito, los agentes estatales se encontraron con un total de 20 personas extranjeras, mismas que manifestaron ser provenientes de Marruecos, en \u00c1frica del Norte, y explicaron que viajaron a Egipto, posteriormente a Madrid, Espa\u00f1a para tomar un vuelo a Nicaragua, y luego trasladarse a Guatemala, en donde tomaron un tren y despu\u00e9s un avi\u00f3n para llegar a Mexicali, en M\u00e9xico.<\/p>\n\n\n\n<p class=\"wp-block-paragraph\">Los migrantes comentaron que en esta ciudad se les cobrar\u00eda una fuerte suma de dinero con la promesa de ayudarles a llegar a Estados Unidos de forma ilegal, sin embargo, no ten\u00edan mayor informaci\u00f3n sobre el proceso a realizar; las 20 personas fueron entregadas al Instituto Nacional de Migraci\u00f3n (INM) para que se realice la investigaci\u00f3n correspondiente y se lleve a cabo el debido proceso sobre su estatus migratorio en el pa\u00eds.<\/p>\n\n\n\n<p class=\"wp-block-paragraph\">La Secretar\u00eda de Seguridad Ciudadana de Baja California refrenda el compromiso con la sociedad, atendiendo puntualmente las denuncias que se realizan mediante las l\u00edneas para emergencias 9-1-1 y denuncia an\u00f3nima 089; se invita a la poblaci\u00f3n en general a hacer uso responsable de ambas l\u00edneas ya que esto abona a la prevenci\u00f3n de los delitos y las violencias, toda vez que La Seguridad Somos Todas y Todos.<\/p>\n","protected":false},"excerpt":{"rendered":"<p>Domingo, 11 de agosto de 2024 *.- Los migrantes expresaron haber recorrido al menos tres&#8230;<\/p>\n","protected":false},"author":2,"featured_media":0,"comment_status":"open","ping_status":"open","sticky":false,"template":"","format":"standard","meta":{"om_disable_all_campaigns":false,"_monsterinsights_skip_tracking":false,"_jetpack_newsletter_access":"","_jetpack_dont_email_post_to_subs":false,"_jetpack_newsletter_tier_id":0,"_jetpack_memberships_contains_paywalled_content":false,"_jetpack_memberships_contains_paid_content":false,"footnotes":""},"categories":[1],"tags":[],"class_list":["post-1260","post","type-post","status-publish","format-standard","hentry","category-sin-categoria"],"aioseo_notices":[],"aioseo_head":"\n\t\t<!-- All in One SEO 5.0.1.1 - aioseo.com -->\n\t<meta name=\"description\" content=\"Domingo, 11 de agosto de 2024 *.- Los migrantes expresaron haber recorrido al menos tres pa\u00edses antes de llegar a M\u00e9xico. MEXICALI.- Un total de 20 personas extranjeras que se encontraban al interior de un domicilio de la ciudad de Mexicali, capital del Estado de Baja California, fueron rescatados por agentes de la Fuerza Estatal\" \/>\n\t<meta name=\"robots\" content=\"max-image-preview:large\" \/>\n\t<meta name=\"author\" content=\"Luis Santillan\"\/>\n\t<link rel=\"canonical\" href=\"https:\/\/artefactonoticias.com\/index.php\/2024\/08\/11\/rescata-fuerza-estatal-a-20-migrantes-provenientes-de-africa-del-norte\/\" \/>\n\t<meta name=\"generator\" content=\"All in One SEO (AIOSEO) 5.0.1.1\" \/>\n\t\t<meta property=\"og:locale\" content=\"es_MX\" \/>\n\t\t<meta property=\"og:site_name\" content=\"Artefacto Noticias -\" \/>\n\t\t<meta property=\"og:type\" content=\"article\" \/>\n\t\t<meta property=\"og:title\" content=\"RESCATA FUERZA ESTATAL A 20 MIGRANTES PROVENIENTES DE \u00c1FRICA DEL NORTE - Artefacto Noticias\" \/>\n\t\t<meta property=\"og:description\" content=\"Domingo, 11 de agosto de 2024 *.- Los migrantes expresaron haber recorrido al menos tres pa\u00edses antes de llegar a M\u00e9xico. MEXICALI.- Un total de 20 personas extranjeras que se encontraban al interior de un domicilio de la ciudad de Mexicali, capital del Estado de Baja California, fueron rescatados por agentes de la Fuerza Estatal\" \/>\n\t\t<meta property=\"og:url\" content=\"https:\/\/artefactonoticias.com\/index.php\/2024\/08\/11\/rescata-fuerza-estatal-a-20-migrantes-provenientes-de-africa-del-norte\/\" \/>\n\t\t<meta property=\"og:image\" content=\"https:\/\/artefactonoticias.com\/wp-content\/uploads\/2023\/04\/Artefacto-Logo-256x191-1.png\" \/>\n\t\t<meta property=\"og:image:secure_url\" content=\"https:\/\/artefactonoticias.com\/wp-content\/uploads\/2023\/04\/Artefacto-Logo-256x191-1.png\" \/>\n\t\t<meta property=\"article:published_time\" content=\"2024-08-11T20:31:43+00:00\" \/>\n\t\t<meta property=\"article:modified_time\" content=\"2024-08-11T20:31:46+00:00\" \/>\n\t\t<meta name=\"twitter:card\" content=\"summary_large_image\" \/>\n\t\t<meta name=\"twitter:title\" content=\"RESCATA FUERZA ESTATAL A 20 MIGRANTES PROVENIENTES DE \u00c1FRICA DEL NORTE - Artefacto Noticias\" \/>\n\t\t<meta name=\"twitter:description\" content=\"Domingo, 11 de agosto de 2024 *.- Los migrantes expresaron haber recorrido al menos tres pa\u00edses antes de llegar a M\u00e9xico. MEXICALI.- Un total de 20 personas extranjeras que se encontraban al interior de un domicilio de la ciudad de Mexicali, capital del Estado de Baja California, fueron rescatados por agentes de la Fuerza Estatal\" \/>\n\t\t<meta name=\"twitter:image\" content=\"https:\/\/artefactonoticias.com\/wp-content\/uploads\/2023\/04\/Artefacto-Logo-256x191-1.png\" \/>\n\t\t<script type=\"application\/ld+json\" class=\"aioseo-schema\">\n\t\t\t{\"@context\":\"https:\\\/\\\/schema.org\",\"@graph\":[{\"@type\":\"BlogPosting\",\"@id\":\"https:\\\/\\\/artefactonoticias.com\\\/index.php\\\/2024\\\/08\\\/11\\\/rescata-fuerza-estatal-a-20-migrantes-provenientes-de-africa-del-norte\\\/#blogposting\",\"name\":\"RESCATA FUERZA ESTATAL A 20 MIGRANTES PROVENIENTES DE \\u00c1FRICA DEL NORTE - Artefacto Noticias\",\"headline\":\"RESCATA FUERZA ESTATAL A 20 MIGRANTES PROVENIENTES DE \\u00c1FRICA DEL NORTE\",\"author\":{\"@id\":\"https:\\\/\\\/artefactonoticias.com\\\/index.php\\\/author\\\/luis-santillan\\\/#author\"},\"publisher\":{\"@id\":\"https:\\\/\\\/artefactonoticias.com\\\/#organization\"},\"image\":{\"@type\":\"ImageObject\",\"url\":\"https:\\\/\\\/artefactonoticias.com\\\/wp-content\\\/uploads\\\/2024\\\/08\\\/1000239289.jpg\",\"@id\":\"https:\\\/\\\/artefactonoticias.com\\\/index.php\\\/2024\\\/08\\\/11\\\/rescata-fuerza-estatal-a-20-migrantes-provenientes-de-africa-del-norte\\\/#articleImage\",\"width\":688,\"height\":560},\"datePublished\":\"2024-08-11T13:31:43-07:00\",\"dateModified\":\"2024-08-11T13:31:46-07:00\",\"inLanguage\":\"es-MX\",\"mainEntityOfPage\":{\"@id\":\"https:\\\/\\\/artefactonoticias.com\\\/index.php\\\/2024\\\/08\\\/11\\\/rescata-fuerza-estatal-a-20-migrantes-provenientes-de-africa-del-norte\\\/#webpage\"},\"isPartOf\":{\"@id\":\"https:\\\/\\\/artefactonoticias.com\\\/index.php\\\/2024\\\/08\\\/11\\\/rescata-fuerza-estatal-a-20-migrantes-provenientes-de-africa-del-norte\\\/#webpage\"},\"articleSection\":\"Sin categor\\u00eda\"},{\"@type\":\"BreadcrumbList\",\"@id\":\"https:\\\/\\\/artefactonoticias.com\\\/index.php\\\/2024\\\/08\\\/11\\\/rescata-fuerza-estatal-a-20-migrantes-provenientes-de-africa-del-norte\\\/#breadcrumblist\",\"itemListElement\":[{\"@type\":\"ListItem\",\"@id\":\"https:\\\/\\\/artefactonoticias.com#listItem\",\"position\":1,\"name\":\"Home\",\"item\":\"https:\\\/\\\/artefactonoticias.com\",\"nextItem\":{\"@type\":\"ListItem\",\"@id\":\"https:\\\/\\\/artefactonoticias.com\\\/index.php\\\/category\\\/sin-categoria\\\/#listItem\",\"name\":\"Sin categor\\u00eda\"}},{\"@type\":\"ListItem\",\"@id\":\"https:\\\/\\\/artefactonoticias.com\\\/index.php\\\/category\\\/sin-categoria\\\/#listItem\",\"position\":2,\"name\":\"Sin categor\\u00eda\",\"item\":\"https:\\\/\\\/artefactonoticias.com\\\/index.php\\\/category\\\/sin-categoria\\\/\",\"nextItem\":{\"@type\":\"ListItem\",\"@id\":\"https:\\\/\\\/artefactonoticias.com\\\/index.php\\\/2024\\\/08\\\/11\\\/rescata-fuerza-estatal-a-20-migrantes-provenientes-de-africa-del-norte\\\/#listItem\",\"name\":\"RESCATA FUERZA ESTATAL A 20 MIGRANTES PROVENIENTES DE \\u00c1FRICA DEL NORTE\"},\"previousItem\":{\"@type\":\"ListItem\",\"@id\":\"https:\\\/\\\/artefactonoticias.com#listItem\",\"name\":\"Home\"}},{\"@type\":\"ListItem\",\"@id\":\"https:\\\/\\\/artefactonoticias.com\\\/index.php\\\/2024\\\/08\\\/11\\\/rescata-fuerza-estatal-a-20-migrantes-provenientes-de-africa-del-norte\\\/#listItem\",\"position\":3,\"name\":\"RESCATA FUERZA ESTATAL A 20 MIGRANTES PROVENIENTES DE \\u00c1FRICA DEL NORTE\",\"previousItem\":{\"@type\":\"ListItem\",\"@id\":\"https:\\\/\\\/artefactonoticias.com\\\/index.php\\\/category\\\/sin-categoria\\\/#listItem\",\"name\":\"Sin categor\\u00eda\"}}]},{\"@type\":\"Organization\",\"@id\":\"https:\\\/\\\/artefactonoticias.com\\\/#organization\",\"name\":\"artefactonoticias.com\",\"url\":\"https:\\\/\\\/artefactonoticias.com\\\/\",\"logo\":{\"@type\":\"ImageObject\",\"url\":\"https:\\\/\\\/artefactonoticias.com\\\/wp-content\\\/uploads\\\/2023\\\/04\\\/Artefacto-Logo-256x191-1.png\",\"@id\":\"https:\\\/\\\/artefactonoticias.com\\\/index.php\\\/2024\\\/08\\\/11\\\/rescata-fuerza-estatal-a-20-migrantes-provenientes-de-africa-del-norte\\\/#organizationLogo\",\"width\":256,\"height\":191},\"image\":{\"@id\":\"https:\\\/\\\/artefactonoticias.com\\\/index.php\\\/2024\\\/08\\\/11\\\/rescata-fuerza-estatal-a-20-migrantes-provenientes-de-africa-del-norte\\\/#organizationLogo\"}},{\"@type\":\"Person\",\"@id\":\"https:\\\/\\\/artefactonoticias.com\\\/index.php\\\/author\\\/luis-santillan\\\/#author\",\"url\":\"https:\\\/\\\/artefactonoticias.com\\\/index.php\\\/author\\\/luis-santillan\\\/\",\"name\":\"Luis Santillan\",\"image\":{\"@type\":\"ImageObject\",\"@id\":\"https:\\\/\\\/artefactonoticias.com\\\/index.php\\\/2024\\\/08\\\/11\\\/rescata-fuerza-estatal-a-20-migrantes-provenientes-de-africa-del-norte\\\/#authorImage\",\"url\":\"https:\\\/\\\/secure.gravatar.com\\\/avatar\\\/60dc8a8d7131dc5a28fa778714b8c5b97cd1a7fdc963e3cbfc44a976d47116ca?s=96&d=mm&r=g\",\"width\":96,\"height\":96,\"caption\":\"Luis Santillan\"}},{\"@type\":\"WebPage\",\"@id\":\"https:\\\/\\\/artefactonoticias.com\\\/index.php\\\/2024\\\/08\\\/11\\\/rescata-fuerza-estatal-a-20-migrantes-provenientes-de-africa-del-norte\\\/#webpage\",\"url\":\"https:\\\/\\\/artefactonoticias.com\\\/index.php\\\/2024\\\/08\\\/11\\\/rescata-fuerza-estatal-a-20-migrantes-provenientes-de-africa-del-norte\\\/\",\"name\":\"RESCATA FUERZA ESTATAL A 20 MIGRANTES PROVENIENTES DE \\u00c1FRICA DEL NORTE - Artefacto Noticias\",\"description\":\"Domingo, 11 de agosto de 2024 *.- Los migrantes expresaron haber recorrido al menos tres pa\\u00edses antes de llegar a M\\u00e9xico. MEXICALI.- Un total de 20 personas extranjeras que se encontraban al interior de un domicilio de la ciudad de Mexicali, capital del Estado de Baja California, fueron rescatados por agentes de la Fuerza Estatal\",\"inLanguage\":\"es-MX\",\"isPartOf\":{\"@id\":\"https:\\\/\\\/artefactonoticias.com\\\/#website\"},\"breadcrumb\":{\"@id\":\"https:\\\/\\\/artefactonoticias.com\\\/index.php\\\/2024\\\/08\\\/11\\\/rescata-fuerza-estatal-a-20-migrantes-provenientes-de-africa-del-norte\\\/#breadcrumblist\"},\"author\":{\"@id\":\"https:\\\/\\\/artefactonoticias.com\\\/index.php\\\/author\\\/luis-santillan\\\/#author\"},\"creator\":{\"@id\":\"https:\\\/\\\/artefactonoticias.com\\\/index.php\\\/author\\\/luis-santillan\\\/#author\"},\"datePublished\":\"2024-08-11T13:31:43-07:00\",\"dateModified\":\"2024-08-11T13:31:46-07:00\"},{\"@type\":\"WebSite\",\"@id\":\"https:\\\/\\\/artefactonoticias.com\\\/#website\",\"url\":\"https:\\\/\\\/artefactonoticias.com\\\/\",\"name\":\"artefactonoticias.com\",\"inLanguage\":\"es-MX\",\"publisher\":{\"@id\":\"https:\\\/\\\/artefactonoticias.com\\\/#organization\"}}]}\n\t\t<\/script>\n\t\t<!-- All in One SEO -->\n\n","aioseo_head_json":{"title":"RESCATA FUERZA ESTATAL A 20 MIGRANTES PROVENIENTES DE \u00c1FRICA DEL NORTE - Artefacto Noticias","description":"Domingo, 11 de agosto de 2024 *.- Los migrantes expresaron haber recorrido al menos tres pa\u00edses antes de llegar a M\u00e9xico. MEXICALI.- Un total de 20 personas extranjeras que se encontraban al interior de un domicilio de la ciudad de Mexicali, capital del Estado de Baja California, fueron rescatados por agentes de la Fuerza Estatal","canonical_url":"https:\/\/artefactonoticias.com\/index.php\/2024\/08\/11\/rescata-fuerza-estatal-a-20-migrantes-provenientes-de-africa-del-norte\/","robots":"max-image-preview:large","keywords":"","webmasterTools":{"miscellaneous":""},"schema":{"@context":"https:\/\/schema.org","@graph":[{"@type":"BlogPosting","@id":"https:\/\/artefactonoticias.com\/index.php\/2024\/08\/11\/rescata-fuerza-estatal-a-20-migrantes-provenientes-de-africa-del-norte\/#blogposting","name":"RESCATA FUERZA ESTATAL A 20 MIGRANTES PROVENIENTES DE \u00c1FRICA DEL NORTE - Artefacto Noticias","headline":"RESCATA FUERZA ESTATAL A 20 MIGRANTES PROVENIENTES DE \u00c1FRICA DEL NORTE","author":{"@id":"https:\/\/artefactonoticias.com\/index.php\/author\/luis-santillan\/#author"},"publisher":{"@id":"https:\/\/artefactonoticias.com\/#organization"},"image":{"@type":"ImageObject","url":"https:\/\/artefactonoticias.com\/wp-content\/uploads\/2024\/08\/1000239289.jpg","@id":"https:\/\/artefactonoticias.com\/index.php\/2024\/08\/11\/rescata-fuerza-estatal-a-20-migrantes-provenientes-de-africa-del-norte\/#articleImage","width":688,"height":560},"datePublished":"2024-08-11T13:31:43-07:00","dateModified":"2024-08-11T13:31:46-07:00","inLanguage":"es-MX","mainEntityOfPage":{"@id":"https:\/\/artefactonoticias.com\/index.php\/2024\/08\/11\/rescata-fuerza-estatal-a-20-migrantes-provenientes-de-africa-del-norte\/#webpage"},"isPartOf":{"@id":"https:\/\/artefactonoticias.com\/index.php\/2024\/08\/11\/rescata-fuerza-estatal-a-20-migrantes-provenientes-de-africa-del-norte\/#webpage"},"articleSection":"Sin categor\u00eda"},{"@type":"BreadcrumbList","@id":"https:\/\/artefactonoticias.com\/index.php\/2024\/08\/11\/rescata-fuerza-estatal-a-20-migrantes-provenientes-de-africa-del-norte\/#breadcrumblist","itemListElement":[{"@type":"ListItem","@id":"https:\/\/artefactonoticias.com#listItem","position":1,"name":"Home","item":"https:\/\/artefactonoticias.com","nextItem":{"@type":"ListItem","@id":"https:\/\/artefactonoticias.com\/index.php\/category\/sin-categoria\/#listItem","name":"Sin categor\u00eda"}},{"@type":"ListItem","@id":"https:\/\/artefactonoticias.com\/index.php\/category\/sin-categoria\/#listItem","position":2,"name":"Sin categor\u00eda","item":"https:\/\/artefactonoticias.com\/index.php\/category\/sin-categoria\/","nextItem":{"@type":"ListItem","@id":"https:\/\/artefactonoticias.com\/index.php\/2024\/08\/11\/rescata-fuerza-estatal-a-20-migrantes-provenientes-de-africa-del-norte\/#listItem","name":"RESCATA FUERZA ESTATAL A 20 MIGRANTES PROVENIENTES DE \u00c1FRICA DEL NORTE"},"previousItem":{"@type":"ListItem","@id":"https:\/\/artefactonoticias.com#listItem","name":"Home"}},{"@type":"ListItem","@id":"https:\/\/artefactonoticias.com\/index.php\/2024\/08\/11\/rescata-fuerza-estatal-a-20-migrantes-provenientes-de-africa-del-norte\/#listItem","position":3,"name":"RESCATA FUERZA ESTATAL A 20 MIGRANTES PROVENIENTES DE \u00c1FRICA DEL NORTE","previousItem":{"@type":"ListItem","@id":"https:\/\/artefactonoticias.com\/index.php\/category\/sin-categoria\/#listItem","name":"Sin categor\u00eda"}}]},{"@type":"Organization","@id":"https:\/\/artefactonoticias.com\/#organization","name":"artefactonoticias.com","url":"https:\/\/artefactonoticias.com\/","logo":{"@type":"ImageObject","url":"https:\/\/artefactonoticias.com\/wp-content\/uploads\/2023\/04\/Artefacto-Logo-256x191-1.png","@id":"https:\/\/artefactonoticias.com\/index.php\/2024\/08\/11\/rescata-fuerza-estatal-a-20-migrantes-provenientes-de-africa-del-norte\/#organizationLogo","width":256,"height":191},"image":{"@id":"https:\/\/artefactonoticias.com\/index.php\/2024\/08\/11\/rescata-fuerza-estatal-a-20-migrantes-provenientes-de-africa-del-norte\/#organizationLogo"}},{"@type":"Person","@id":"https:\/\/artefactonoticias.com\/index.php\/author\/luis-santillan\/#author","url":"https:\/\/artefactonoticias.com\/index.php\/author\/luis-santillan\/","name":"Luis Santillan","image":{"@type":"ImageObject","@id":"https:\/\/artefactonoticias.com\/index.php\/2024\/08\/11\/rescata-fuerza-estatal-a-20-migrantes-provenientes-de-africa-del-norte\/#authorImage","url":"https:\/\/secure.gravatar.com\/avatar\/60dc8a8d7131dc5a28fa778714b8c5b97cd1a7fdc963e3cbfc44a976d47116ca?s=96&d=mm&r=g","width":96,"height":96,"caption":"Luis Santillan"}},{"@type":"WebPage","@id":"https:\/\/artefactonoticias.com\/index.php\/2024\/08\/11\/rescata-fuerza-estatal-a-20-migrantes-provenientes-de-africa-del-norte\/#webpage","url":"https:\/\/artefactonoticias.com\/index.php\/2024\/08\/11\/rescata-fuerza-estatal-a-20-migrantes-provenientes-de-africa-del-norte\/","name":"RESCATA FUERZA ESTATAL A 20 MIGRANTES PROVENIENTES DE \u00c1FRICA DEL NORTE - Artefacto Noticias","description":"Domingo, 11 de agosto de 2024 *.- Los migrantes expresaron haber recorrido al menos tres pa\u00edses antes de llegar a M\u00e9xico. MEXICALI.- Un total de 20 personas extranjeras que se encontraban al interior de un domicilio de la ciudad de Mexicali, capital del Estado de Baja California, fueron rescatados por agentes de la Fuerza Estatal","inLanguage":"es-MX","isPartOf":{"@id":"https:\/\/artefactonoticias.com\/#website"},"breadcrumb":{"@id":"https:\/\/artefactonoticias.com\/index.php\/2024\/08\/11\/rescata-fuerza-estatal-a-20-migrantes-provenientes-de-africa-del-norte\/#breadcrumblist"},"author":{"@id":"https:\/\/artefactonoticias.com\/index.php\/author\/luis-santillan\/#author"},"creator":{"@id":"https:\/\/artefactonoticias.com\/index.php\/author\/luis-santillan\/#author"},"datePublished":"2024-08-11T13:31:43-07:00","dateModified":"2024-08-11T13:31:46-07:00"},{"@type":"WebSite","@id":"https:\/\/artefactonoticias.com\/#website","url":"https:\/\/artefactonoticias.com\/","name":"artefactonoticias.com","inLanguage":"es-MX","publisher":{"@id":"https:\/\/artefactonoticias.com\/#organization"}}]},"og:locale":"es_MX","og:site_name":"Artefacto Noticias -","og:type":"article","og:title":"RESCATA FUERZA ESTATAL A 20 MIGRANTES PROVENIENTES DE \u00c1FRICA DEL NORTE - Artefacto Noticias","og:description":"Domingo, 11 de agosto de 2024 *.- Los migrantes expresaron haber recorrido al menos tres pa\u00edses antes de llegar a M\u00e9xico. MEXICALI.- Un total de 20 personas extranjeras que se encontraban al interior de un domicilio de la ciudad de Mexicali, capital del Estado de Baja California, fueron rescatados por agentes de la Fuerza Estatal","og:url":"https:\/\/artefactonoticias.com\/index.php\/2024\/08\/11\/rescata-fuerza-estatal-a-20-migrantes-provenientes-de-africa-del-norte\/","og:image":"https:\/\/artefactonoticias.com\/wp-content\/uploads\/2023\/04\/Artefacto-Logo-256x191-1.png","og:image:secure_url":"https:\/\/artefactonoticias.com\/wp-content\/uploads\/2023\/04\/Artefacto-Logo-256x191-1.png","article:published_time":"2024-08-11T20:31:43+00:00","article:modified_time":"2024-08-11T20:31:46+00:00","twitter:card":"summary_large_image","twitter:title":"RESCATA FUERZA ESTATAL A 20 MIGRANTES PROVENIENTES DE \u00c1FRICA DEL NORTE - Artefacto Noticias","twitter:description":"Domingo, 11 de agosto de 2024 *.- Los migrantes expresaron haber recorrido al menos tres pa\u00edses antes de llegar a M\u00e9xico. MEXICALI.- Un total de 20 personas extranjeras que se encontraban al interior de un domicilio de la ciudad de Mexicali, capital del Estado de Baja California, fueron rescatados por agentes de la Fuerza Estatal","twitter:image":"https:\/\/artefactonoticias.com\/wp-content\/uploads\/2023\/04\/Artefacto-Logo-256x191-1.png"},"aioseo_meta_data":{"post_id":"1260","title":null,"description":null,"keywords":null,"keyphrases":{"focus":{"keyphrase":"","score":0,"analysis":{"keyphraseInTitle":{"score":0,"maxScore":9,"error":1}}},"additional":[]},"primary_term":null,"canonical_url":null,"og_title":null,"og_description":null,"og_object_type":"default","og_image_type":"default","og_image_url":null,"og_image_width":null,"og_image_height":null,"og_image_custom_url":null,"og_image_custom_fields":null,"og_video":"","og_custom_url":null,"og_article_section":null,"og_article_tags":null,"twitter_use_og":false,"twitter_card":"default","twitter_image_type":"default","twitter_image_url":null,"twitter_image_custom_url":null,"twitter_image_custom_fields":null,"twitter_title":null,"twitter_description":null,"schema":{"blockGraphs":[],"customGraphs":[],"default":{"data":{"Article":[],"Course":[],"Dataset":[],"FAQPage":[],"Movie":[],"Person":[],"Product":[],"ProductReview":[],"Car":[],"Recipe":[],"Service":[],"SoftwareApplication":[],"WebPage":[]},"graphName":"BlogPosting","isEnabled":true},"graphs":[]},"schema_type":"default","schema_type_options":null,"pillar_content":false,"robots_default":true,"robots_noindex":false,"robots_noarchive":false,"robots_nosnippet":false,"robots_nofollow":false,"robots_noimageindex":false,"robots_noodp":false,"robots_notranslate":false,"robots_max_snippet":"-1","robots_max_videopreview":"-1","robots_max_imagepreview":"large","priority":null,"frequency":"default","local_seo":null,"breadcrumb_settings":null,"limit_modified_date":false,"ai":null,"created":"2024-08-11 20:31:46","updated":"2025-06-05 12:02:59","seo_analyzer_scan_date":null,"focus_keyword":null,"additional_keywords":null,"truseo_locale":null},"aioseo_breadcrumb":"<div class=\"aioseo-breadcrumbs\"><span class=\"aioseo-breadcrumb\">\n\t\t\t<a href=\"https:\/\/artefactonoticias.com\" title=\"Home\">Home<\/a>\n\t\t<\/span><span class=\"aioseo-breadcrumb-separator\">&raquo;<\/span><span class=\"aioseo-breadcrumb\">\n\t\t\t<a href=\"https:\/\/artefactonoticias.com\/index.php\/category\/sin-categoria\/\" title=\"Sin categor\u00eda\">Sin categor\u00eda<\/a>\n\t\t<\/span><span class=\"aioseo-breadcrumb-separator\">&raquo;<\/span><span class=\"aioseo-breadcrumb\">\n\t\t\tRESCATA FUERZA ESTATAL A 20 MIGRANTES PROVENIENTES DE \u00c1FRICA DEL NORTE\n\t\t<\/span><\/div>","aioseo_breadcrumb_json":[{"label":"Home","link":"https:\/\/artefactonoticias.com"},{"label":"Sin categor\u00eda","link":"https:\/\/artefactonoticias.com\/index.php\/category\/sin-categoria\/"},{"label":"RESCATA FUERZA ESTATAL A 20 MIGRANTES PROVENIENTES DE \u00c1FRICA DEL NORTE","link":"https:\/\/artefactonoticias.com\/index.php\/2024\/08\/11\/rescata-fuerza-estatal-a-20-migrantes-provenientes-de-africa-del-norte\/"}],"jetpack_sharing_enabled":true,"jetpack_featured_media_url":"","_links":{"self":[{"href":"https:\/\/artefactonoticias.com\/index.php\/wp-json\/wp\/v2\/posts\/1260","targetHints":{"allow":["GET"]}}],"collection":[{"href":"https:\/\/artefactonoticias.com\/index.php\/wp-json\/wp\/v2\/posts"}],"about":[{"href":"https:\/\/artefactonoticias.com\/index.php\/wp-json\/wp\/v2\/types\/post"}],"author":[{"embeddable":true,"href":"https:\/\/artefactonoticias.com\/index.php\/wp-json\/wp\/v2\/users\/2"}],"replies":[{"embeddable":true,"href":"https:\/\/artefactonoticias.com\/index.php\/wp-json\/wp\/v2\/comments?post=1260"}],"version-history":[{"count":1,"href":"https:\/\/artefactonoticias.com\/index.php\/wp-json\/wp\/v2\/posts\/1260\/revisions"}],"predecessor-version":[{"id":1262,"href":"https:\/\/artefactonoticias.com\/index.php\/wp-json\/wp\/v2\/posts\/1260\/revisions\/1262"}],"wp:attachment":[{"href":"https:\/\/artefactonoticias.com\/index.php\/wp-json\/wp\/v2\/media?parent=1260"}],"wp:term":[{"taxonomy":"category","embeddable":true,"href":"https:\/\/artefactonoticias.com\/index.php\/wp-json\/wp\/v2\/categories?post=1260"},{"taxonomy":"post_tag","embeddable":true,"href":"https:\/\/artefactonoticias.com\/index.php\/wp-json\/wp\/v2\/tags?post=1260"}],"curies":[{"name":"wp","href":"https:\/\/api.w.org\/{rel}","templated":true}]}}