{"id":1243,"date":"2024-07-20T16:08:39","date_gmt":"2024-07-20T23:08:39","guid":{"rendered":"https:\/\/artefactonoticias.com\/?p=1243"},"modified":"2024-07-20T16:08:41","modified_gmt":"2024-07-20T23:08:41","slug":"exhorta-dip-carolina-rivas-a-promover-el-turismo-local-en-periodo-vacacional","status":"publish","type":"post","link":"https:\/\/artefactonoticias.com\/index.php\/2024\/07\/20\/exhorta-dip-carolina-rivas-a-promover-el-turismo-local-en-periodo-vacacional\/","title":{"rendered":"EXHORTA DIP. CAROLINA RIVAS A PROMOVER EL TURISMO LOCAL EN PERIODO VACACIONAL"},"content":{"rendered":"\n<figure class=\"wp-block-image size-large\"><img loading=\"lazy\" decoding=\"async\" width=\"768\" height=\"1024\" src=\"https:\/\/artefactonoticias.com\/wp-content\/uploads\/2024\/07\/1000231837-768x1024.jpg\" alt=\"\" class=\"wp-image-1244\" srcset=\"https:\/\/artefactonoticias.com\/wp-content\/uploads\/2024\/07\/1000231837-768x1024.jpg 768w, https:\/\/artefactonoticias.com\/wp-content\/uploads\/2024\/07\/1000231837-225x300.jpg 225w, https:\/\/artefactonoticias.com\/wp-content\/uploads\/2024\/07\/1000231837-1152x1536.jpg 1152w, https:\/\/artefactonoticias.com\/wp-content\/uploads\/2024\/07\/1000231837-1024x1365.jpg 1024w, https:\/\/artefactonoticias.com\/wp-content\/uploads\/2024\/07\/1000231837.jpg 1200w\" sizes=\"auto, (max-width: 768px) 100vw, 768px\" \/><\/figure>\n\n\n\n<p class=\"wp-block-paragraph\">\u2022 Lo dirige a la gobernadora a fin de que instruya a Secretar\u00eda de Turismo a presentar el calendario de actividades y eventos de recreaci\u00f3n y cultura, especificando los eventos gratuitos<\/p>\n\n\n\n<p class=\"wp-block-paragraph\">\u2022 \u201cJuntos hagamos de este verano, una temporada inolvidable para todas y todos\u201d: Diputada<\/p>\n\n\n\n<p class=\"wp-block-paragraph\">Mexicali, B.C., viernes 19 de julio de 2024.- Es indiscutible que la promoci\u00f3n y el desarrollo del turismo, son aspectos fundamentales para el crecimiento econ\u00f3mico y cultural de nuestra entidad, indic\u00f3 la diputada Carolina Rivas Garc\u00eda.<\/p>\n\n\n\n<p class=\"wp-block-paragraph\">A\u00f1adi\u00f3 que los pr\u00f3ximos meses de julio y agosto, es per\u00edodo crucial para el turismo vacacional, y es imperativo que como gobierno local se tomen medidas proactivas para atraer tanto a visitantes locales como internacionales.<\/p>\n\n\n\n<p class=\"wp-block-paragraph\">Por ello propuso, con el respaldo de la asamblea, exhort\u00f3 a la gobernadora Marina del Pilar \u00c1vila Olmeda, para que instruya a la Secretar\u00eda de Turismo dar a conocer el calendario completo de actividades y eventos planificados para julio y agosto, especificando los que ser\u00e1n gratuitos.<\/p>\n\n\n\n<p class=\"wp-block-paragraph\">Como sabemos -dijo- este periodo es una oportunidad invaluable para atraer visitantes y destacar todo lo que nuestra regi\u00f3n tiene. Y una forma efectiva de lograrlo, es a trav\u00e9s de la presentaci\u00f3n clara y accesible de un calendario detallado de actividades y eventos de recreaci\u00f3n y cultura que se llevar\u00e1n a cabo en nuestra regi\u00f3n.<\/p>\n\n\n\n<p class=\"wp-block-paragraph\">Este calendario no solo servir\u00e1 como una herramienta informativa esencial para los residentes, sino tambi\u00e9n como una invitaci\u00f3n abierta y atractiva para los turistas que buscan experiencias enriquecedoras y memorables durante sus vacaciones.<\/p>\n\n\n\n<p class=\"wp-block-paragraph\">Lo que no solo facilitar\u00e1 el acceso a actividades culturales y recreativas para todos, sin importar su condici\u00f3n econ\u00f3mica, sino que tambi\u00e9n fortalecer\u00e1 nuestra identidad como una comunidad inclusiva y acogedora.<\/p>\n\n\n\n<p class=\"wp-block-paragraph\">Al promover estos eventos, se enriquecer\u00e1 la oferta tur\u00edstica de la regi\u00f3n, y fortalecer\u00e1 la econom\u00eda local, generando un impacto positivo en diversos sectores, desde el comercio hasta la hosteler\u00eda y m\u00e1s all\u00e1.<\/p>\n\n\n\n<p class=\"wp-block-paragraph\">Subray\u00f3 Carolina Rivas que ser\u00e1 fundamental que este calendario sea ampliamente de entidad merece\u201d.<\/p>\n\n\n\n<p class=\"wp-block-paragraph\">\u201cGracias por su atenci\u00f3n y compromiso continuo con el desarrollo tur\u00edstico de nuestra regi\u00f3n, juntos hagamos de este verano, una temporada inolvidable para todas y todos\u201d.<\/p>\n","protected":false},"excerpt":{"rendered":"<p>\u2022 Lo dirige a la gobernadora a fin de que instruya a Secretar\u00eda de Turismo&#8230;<\/p>\n","protected":false},"author":2,"featured_media":0,"comment_status":"open","ping_status":"open","sticky":false,"template":"","format":"standard","meta":{"om_disable_all_campaigns":false,"_monsterinsights_skip_tracking":false,"_jetpack_newsletter_access":"","_jetpack_dont_email_post_to_subs":false,"_jetpack_newsletter_tier_id":0,"_jetpack_memberships_contains_paywalled_content":false,"_jetpack_memberships_contains_paid_content":false,"footnotes":""},"categories":[1],"tags":[],"class_list":["post-1243","post","type-post","status-publish","format-standard","hentry","category-sin-categoria"],"aioseo_notices":[],"aioseo_head":"\n\t\t<!-- All in One SEO 5.0.1.1 - aioseo.com -->\n\t<meta name=\"description\" content=\"\u2022 Lo dirige a la gobernadora a fin de que instruya a Secretar\u00eda de Turismo a presentar el calendario de actividades y eventos de recreaci\u00f3n y cultura, especificando los eventos gratuitos \u2022 \u201cJuntos hagamos de este verano, una temporada inolvidable para todas y todos\u201d: Diputada Mexicali, B.C., viernes 19 de julio de 2024.- Es indiscutible\" \/>\n\t<meta name=\"robots\" content=\"max-image-preview:large\" \/>\n\t<meta name=\"author\" content=\"Luis Santillan\"\/>\n\t<link rel=\"canonical\" href=\"https:\/\/artefactonoticias.com\/index.php\/2024\/07\/20\/exhorta-dip-carolina-rivas-a-promover-el-turismo-local-en-periodo-vacacional\/\" \/>\n\t<meta name=\"generator\" content=\"All in One SEO (AIOSEO) 5.0.1.1\" \/>\n\t\t<meta property=\"og:locale\" content=\"es_MX\" \/>\n\t\t<meta property=\"og:site_name\" content=\"Artefacto Noticias -\" \/>\n\t\t<meta property=\"og:type\" content=\"article\" \/>\n\t\t<meta property=\"og:title\" content=\"EXHORTA DIP. CAROLINA RIVAS A PROMOVER EL TURISMO LOCAL EN PERIODO VACACIONAL - Artefacto Noticias\" \/>\n\t\t<meta property=\"og:description\" content=\"\u2022 Lo dirige a la gobernadora a fin de que instruya a Secretar\u00eda de Turismo a presentar el calendario de actividades y eventos de recreaci\u00f3n y cultura, especificando los eventos gratuitos \u2022 \u201cJuntos hagamos de este verano, una temporada inolvidable para todas y todos\u201d: Diputada Mexicali, B.C., viernes 19 de julio de 2024.- Es indiscutible\" \/>\n\t\t<meta property=\"og:url\" content=\"https:\/\/artefactonoticias.com\/index.php\/2024\/07\/20\/exhorta-dip-carolina-rivas-a-promover-el-turismo-local-en-periodo-vacacional\/\" \/>\n\t\t<meta property=\"og:image\" content=\"https:\/\/artefactonoticias.com\/wp-content\/uploads\/2023\/04\/Artefacto-Logo-256x191-1.png\" \/>\n\t\t<meta property=\"og:image:secure_url\" content=\"https:\/\/artefactonoticias.com\/wp-content\/uploads\/2023\/04\/Artefacto-Logo-256x191-1.png\" \/>\n\t\t<meta property=\"article:published_time\" content=\"2024-07-20T23:08:39+00:00\" \/>\n\t\t<meta property=\"article:modified_time\" content=\"2024-07-20T23:08:41+00:00\" \/>\n\t\t<meta name=\"twitter:card\" content=\"summary_large_image\" \/>\n\t\t<meta name=\"twitter:title\" content=\"EXHORTA DIP. CAROLINA RIVAS A PROMOVER EL TURISMO LOCAL EN PERIODO VACACIONAL - Artefacto Noticias\" \/>\n\t\t<meta name=\"twitter:description\" content=\"\u2022 Lo dirige a la gobernadora a fin de que instruya a Secretar\u00eda de Turismo a presentar el calendario de actividades y eventos de recreaci\u00f3n y cultura, especificando los eventos gratuitos \u2022 \u201cJuntos hagamos de este verano, una temporada inolvidable para todas y todos\u201d: Diputada Mexicali, B.C., viernes 19 de julio de 2024.- Es indiscutible\" \/>\n\t\t<meta name=\"twitter:image\" content=\"https:\/\/artefactonoticias.com\/wp-content\/uploads\/2023\/04\/Artefacto-Logo-256x191-1.png\" \/>\n\t\t<script type=\"application\/ld+json\" class=\"aioseo-schema\">\n\t\t\t{\"@context\":\"https:\\\/\\\/schema.org\",\"@graph\":[{\"@type\":\"BlogPosting\",\"@id\":\"https:\\\/\\\/artefactonoticias.com\\\/index.php\\\/2024\\\/07\\\/20\\\/exhorta-dip-carolina-rivas-a-promover-el-turismo-local-en-periodo-vacacional\\\/#blogposting\",\"name\":\"EXHORTA DIP. CAROLINA RIVAS A PROMOVER EL TURISMO LOCAL EN PERIODO VACACIONAL - Artefacto Noticias\",\"headline\":\"EXHORTA DIP. CAROLINA RIVAS A PROMOVER EL TURISMO LOCAL EN PERIODO VACACIONAL\",\"author\":{\"@id\":\"https:\\\/\\\/artefactonoticias.com\\\/index.php\\\/author\\\/luis-santillan\\\/#author\"},\"publisher\":{\"@id\":\"https:\\\/\\\/artefactonoticias.com\\\/#organization\"},\"image\":{\"@type\":\"ImageObject\",\"url\":\"https:\\\/\\\/artefactonoticias.com\\\/wp-content\\\/uploads\\\/2024\\\/07\\\/1000231837-768x1024.jpg\",\"@id\":\"https:\\\/\\\/artefactonoticias.com\\\/index.php\\\/2024\\\/07\\\/20\\\/exhorta-dip-carolina-rivas-a-promover-el-turismo-local-en-periodo-vacacional\\\/#articleImage\"},\"datePublished\":\"2024-07-20T16:08:39-07:00\",\"dateModified\":\"2024-07-20T16:08:41-07:00\",\"inLanguage\":\"es-MX\",\"mainEntityOfPage\":{\"@id\":\"https:\\\/\\\/artefactonoticias.com\\\/index.php\\\/2024\\\/07\\\/20\\\/exhorta-dip-carolina-rivas-a-promover-el-turismo-local-en-periodo-vacacional\\\/#webpage\"},\"isPartOf\":{\"@id\":\"https:\\\/\\\/artefactonoticias.com\\\/index.php\\\/2024\\\/07\\\/20\\\/exhorta-dip-carolina-rivas-a-promover-el-turismo-local-en-periodo-vacacional\\\/#webpage\"},\"articleSection\":\"Sin categor\\u00eda\"},{\"@type\":\"BreadcrumbList\",\"@id\":\"https:\\\/\\\/artefactonoticias.com\\\/index.php\\\/2024\\\/07\\\/20\\\/exhorta-dip-carolina-rivas-a-promover-el-turismo-local-en-periodo-vacacional\\\/#breadcrumblist\",\"itemListElement\":[{\"@type\":\"ListItem\",\"@id\":\"https:\\\/\\\/artefactonoticias.com#listItem\",\"position\":1,\"name\":\"Home\",\"item\":\"https:\\\/\\\/artefactonoticias.com\",\"nextItem\":{\"@type\":\"ListItem\",\"@id\":\"https:\\\/\\\/artefactonoticias.com\\\/index.php\\\/category\\\/sin-categoria\\\/#listItem\",\"name\":\"Sin categor\\u00eda\"}},{\"@type\":\"ListItem\",\"@id\":\"https:\\\/\\\/artefactonoticias.com\\\/index.php\\\/category\\\/sin-categoria\\\/#listItem\",\"position\":2,\"name\":\"Sin categor\\u00eda\",\"item\":\"https:\\\/\\\/artefactonoticias.com\\\/index.php\\\/category\\\/sin-categoria\\\/\",\"nextItem\":{\"@type\":\"ListItem\",\"@id\":\"https:\\\/\\\/artefactonoticias.com\\\/index.php\\\/2024\\\/07\\\/20\\\/exhorta-dip-carolina-rivas-a-promover-el-turismo-local-en-periodo-vacacional\\\/#listItem\",\"name\":\"EXHORTA DIP. CAROLINA RIVAS A PROMOVER EL TURISMO LOCAL EN PERIODO VACACIONAL\"},\"previousItem\":{\"@type\":\"ListItem\",\"@id\":\"https:\\\/\\\/artefactonoticias.com#listItem\",\"name\":\"Home\"}},{\"@type\":\"ListItem\",\"@id\":\"https:\\\/\\\/artefactonoticias.com\\\/index.php\\\/2024\\\/07\\\/20\\\/exhorta-dip-carolina-rivas-a-promover-el-turismo-local-en-periodo-vacacional\\\/#listItem\",\"position\":3,\"name\":\"EXHORTA DIP. CAROLINA RIVAS A PROMOVER EL TURISMO LOCAL EN PERIODO VACACIONAL\",\"previousItem\":{\"@type\":\"ListItem\",\"@id\":\"https:\\\/\\\/artefactonoticias.com\\\/index.php\\\/category\\\/sin-categoria\\\/#listItem\",\"name\":\"Sin categor\\u00eda\"}}]},{\"@type\":\"Organization\",\"@id\":\"https:\\\/\\\/artefactonoticias.com\\\/#organization\",\"name\":\"artefactonoticias.com\",\"url\":\"https:\\\/\\\/artefactonoticias.com\\\/\",\"logo\":{\"@type\":\"ImageObject\",\"url\":\"https:\\\/\\\/artefactonoticias.com\\\/wp-content\\\/uploads\\\/2023\\\/04\\\/Artefacto-Logo-256x191-1.png\",\"@id\":\"https:\\\/\\\/artefactonoticias.com\\\/index.php\\\/2024\\\/07\\\/20\\\/exhorta-dip-carolina-rivas-a-promover-el-turismo-local-en-periodo-vacacional\\\/#organizationLogo\",\"width\":256,\"height\":191},\"image\":{\"@id\":\"https:\\\/\\\/artefactonoticias.com\\\/index.php\\\/2024\\\/07\\\/20\\\/exhorta-dip-carolina-rivas-a-promover-el-turismo-local-en-periodo-vacacional\\\/#organizationLogo\"}},{\"@type\":\"Person\",\"@id\":\"https:\\\/\\\/artefactonoticias.com\\\/index.php\\\/author\\\/luis-santillan\\\/#author\",\"url\":\"https:\\\/\\\/artefactonoticias.com\\\/index.php\\\/author\\\/luis-santillan\\\/\",\"name\":\"Luis Santillan\",\"image\":{\"@type\":\"ImageObject\",\"@id\":\"https:\\\/\\\/artefactonoticias.com\\\/index.php\\\/2024\\\/07\\\/20\\\/exhorta-dip-carolina-rivas-a-promover-el-turismo-local-en-periodo-vacacional\\\/#authorImage\",\"url\":\"https:\\\/\\\/secure.gravatar.com\\\/avatar\\\/60dc8a8d7131dc5a28fa778714b8c5b97cd1a7fdc963e3cbfc44a976d47116ca?s=96&d=mm&r=g\",\"width\":96,\"height\":96,\"caption\":\"Luis Santillan\"}},{\"@type\":\"WebPage\",\"@id\":\"https:\\\/\\\/artefactonoticias.com\\\/index.php\\\/2024\\\/07\\\/20\\\/exhorta-dip-carolina-rivas-a-promover-el-turismo-local-en-periodo-vacacional\\\/#webpage\",\"url\":\"https:\\\/\\\/artefactonoticias.com\\\/index.php\\\/2024\\\/07\\\/20\\\/exhorta-dip-carolina-rivas-a-promover-el-turismo-local-en-periodo-vacacional\\\/\",\"name\":\"EXHORTA DIP. CAROLINA RIVAS A PROMOVER EL TURISMO LOCAL EN PERIODO VACACIONAL - Artefacto Noticias\",\"description\":\"\\u2022 Lo dirige a la gobernadora a fin de que instruya a Secretar\\u00eda de Turismo a presentar el calendario de actividades y eventos de recreaci\\u00f3n y cultura, especificando los eventos gratuitos \\u2022 \\u201cJuntos hagamos de este verano, una temporada inolvidable para todas y todos\\u201d: Diputada Mexicali, B.C., viernes 19 de julio de 2024.- Es indiscutible\",\"inLanguage\":\"es-MX\",\"isPartOf\":{\"@id\":\"https:\\\/\\\/artefactonoticias.com\\\/#website\"},\"breadcrumb\":{\"@id\":\"https:\\\/\\\/artefactonoticias.com\\\/index.php\\\/2024\\\/07\\\/20\\\/exhorta-dip-carolina-rivas-a-promover-el-turismo-local-en-periodo-vacacional\\\/#breadcrumblist\"},\"author\":{\"@id\":\"https:\\\/\\\/artefactonoticias.com\\\/index.php\\\/author\\\/luis-santillan\\\/#author\"},\"creator\":{\"@id\":\"https:\\\/\\\/artefactonoticias.com\\\/index.php\\\/author\\\/luis-santillan\\\/#author\"},\"datePublished\":\"2024-07-20T16:08:39-07:00\",\"dateModified\":\"2024-07-20T16:08:41-07:00\"},{\"@type\":\"WebSite\",\"@id\":\"https:\\\/\\\/artefactonoticias.com\\\/#website\",\"url\":\"https:\\\/\\\/artefactonoticias.com\\\/\",\"name\":\"artefactonoticias.com\",\"inLanguage\":\"es-MX\",\"publisher\":{\"@id\":\"https:\\\/\\\/artefactonoticias.com\\\/#organization\"}}]}\n\t\t<\/script>\n\t\t<!-- All in One SEO -->\n\n","aioseo_head_json":{"title":"EXHORTA DIP. CAROLINA RIVAS A PROMOVER EL TURISMO LOCAL EN PERIODO VACACIONAL - Artefacto Noticias","description":"\u2022 Lo dirige a la gobernadora a fin de que instruya a Secretar\u00eda de Turismo a presentar el calendario de actividades y eventos de recreaci\u00f3n y cultura, especificando los eventos gratuitos \u2022 \u201cJuntos hagamos de este verano, una temporada inolvidable para todas y todos\u201d: Diputada Mexicali, B.C., viernes 19 de julio de 2024.- Es indiscutible","canonical_url":"https:\/\/artefactonoticias.com\/index.php\/2024\/07\/20\/exhorta-dip-carolina-rivas-a-promover-el-turismo-local-en-periodo-vacacional\/","robots":"max-image-preview:large","keywords":"","webmasterTools":{"miscellaneous":""},"schema":{"@context":"https:\/\/schema.org","@graph":[{"@type":"BlogPosting","@id":"https:\/\/artefactonoticias.com\/index.php\/2024\/07\/20\/exhorta-dip-carolina-rivas-a-promover-el-turismo-local-en-periodo-vacacional\/#blogposting","name":"EXHORTA DIP. CAROLINA RIVAS A PROMOVER EL TURISMO LOCAL EN PERIODO VACACIONAL - Artefacto Noticias","headline":"EXHORTA DIP. CAROLINA RIVAS A PROMOVER EL TURISMO LOCAL EN PERIODO VACACIONAL","author":{"@id":"https:\/\/artefactonoticias.com\/index.php\/author\/luis-santillan\/#author"},"publisher":{"@id":"https:\/\/artefactonoticias.com\/#organization"},"image":{"@type":"ImageObject","url":"https:\/\/artefactonoticias.com\/wp-content\/uploads\/2024\/07\/1000231837-768x1024.jpg","@id":"https:\/\/artefactonoticias.com\/index.php\/2024\/07\/20\/exhorta-dip-carolina-rivas-a-promover-el-turismo-local-en-periodo-vacacional\/#articleImage"},"datePublished":"2024-07-20T16:08:39-07:00","dateModified":"2024-07-20T16:08:41-07:00","inLanguage":"es-MX","mainEntityOfPage":{"@id":"https:\/\/artefactonoticias.com\/index.php\/2024\/07\/20\/exhorta-dip-carolina-rivas-a-promover-el-turismo-local-en-periodo-vacacional\/#webpage"},"isPartOf":{"@id":"https:\/\/artefactonoticias.com\/index.php\/2024\/07\/20\/exhorta-dip-carolina-rivas-a-promover-el-turismo-local-en-periodo-vacacional\/#webpage"},"articleSection":"Sin categor\u00eda"},{"@type":"BreadcrumbList","@id":"https:\/\/artefactonoticias.com\/index.php\/2024\/07\/20\/exhorta-dip-carolina-rivas-a-promover-el-turismo-local-en-periodo-vacacional\/#breadcrumblist","itemListElement":[{"@type":"ListItem","@id":"https:\/\/artefactonoticias.com#listItem","position":1,"name":"Home","item":"https:\/\/artefactonoticias.com","nextItem":{"@type":"ListItem","@id":"https:\/\/artefactonoticias.com\/index.php\/category\/sin-categoria\/#listItem","name":"Sin categor\u00eda"}},{"@type":"ListItem","@id":"https:\/\/artefactonoticias.com\/index.php\/category\/sin-categoria\/#listItem","position":2,"name":"Sin categor\u00eda","item":"https:\/\/artefactonoticias.com\/index.php\/category\/sin-categoria\/","nextItem":{"@type":"ListItem","@id":"https:\/\/artefactonoticias.com\/index.php\/2024\/07\/20\/exhorta-dip-carolina-rivas-a-promover-el-turismo-local-en-periodo-vacacional\/#listItem","name":"EXHORTA DIP. CAROLINA RIVAS A PROMOVER EL TURISMO LOCAL EN PERIODO VACACIONAL"},"previousItem":{"@type":"ListItem","@id":"https:\/\/artefactonoticias.com#listItem","name":"Home"}},{"@type":"ListItem","@id":"https:\/\/artefactonoticias.com\/index.php\/2024\/07\/20\/exhorta-dip-carolina-rivas-a-promover-el-turismo-local-en-periodo-vacacional\/#listItem","position":3,"name":"EXHORTA DIP. CAROLINA RIVAS A PROMOVER EL TURISMO LOCAL EN PERIODO VACACIONAL","previousItem":{"@type":"ListItem","@id":"https:\/\/artefactonoticias.com\/index.php\/category\/sin-categoria\/#listItem","name":"Sin categor\u00eda"}}]},{"@type":"Organization","@id":"https:\/\/artefactonoticias.com\/#organization","name":"artefactonoticias.com","url":"https:\/\/artefactonoticias.com\/","logo":{"@type":"ImageObject","url":"https:\/\/artefactonoticias.com\/wp-content\/uploads\/2023\/04\/Artefacto-Logo-256x191-1.png","@id":"https:\/\/artefactonoticias.com\/index.php\/2024\/07\/20\/exhorta-dip-carolina-rivas-a-promover-el-turismo-local-en-periodo-vacacional\/#organizationLogo","width":256,"height":191},"image":{"@id":"https:\/\/artefactonoticias.com\/index.php\/2024\/07\/20\/exhorta-dip-carolina-rivas-a-promover-el-turismo-local-en-periodo-vacacional\/#organizationLogo"}},{"@type":"Person","@id":"https:\/\/artefactonoticias.com\/index.php\/author\/luis-santillan\/#author","url":"https:\/\/artefactonoticias.com\/index.php\/author\/luis-santillan\/","name":"Luis Santillan","image":{"@type":"ImageObject","@id":"https:\/\/artefactonoticias.com\/index.php\/2024\/07\/20\/exhorta-dip-carolina-rivas-a-promover-el-turismo-local-en-periodo-vacacional\/#authorImage","url":"https:\/\/secure.gravatar.com\/avatar\/60dc8a8d7131dc5a28fa778714b8c5b97cd1a7fdc963e3cbfc44a976d47116ca?s=96&d=mm&r=g","width":96,"height":96,"caption":"Luis Santillan"}},{"@type":"WebPage","@id":"https:\/\/artefactonoticias.com\/index.php\/2024\/07\/20\/exhorta-dip-carolina-rivas-a-promover-el-turismo-local-en-periodo-vacacional\/#webpage","url":"https:\/\/artefactonoticias.com\/index.php\/2024\/07\/20\/exhorta-dip-carolina-rivas-a-promover-el-turismo-local-en-periodo-vacacional\/","name":"EXHORTA DIP. CAROLINA RIVAS A PROMOVER EL TURISMO LOCAL EN PERIODO VACACIONAL - Artefacto Noticias","description":"\u2022 Lo dirige a la gobernadora a fin de que instruya a Secretar\u00eda de Turismo a presentar el calendario de actividades y eventos de recreaci\u00f3n y cultura, especificando los eventos gratuitos \u2022 \u201cJuntos hagamos de este verano, una temporada inolvidable para todas y todos\u201d: Diputada Mexicali, B.C., viernes 19 de julio de 2024.- Es indiscutible","inLanguage":"es-MX","isPartOf":{"@id":"https:\/\/artefactonoticias.com\/#website"},"breadcrumb":{"@id":"https:\/\/artefactonoticias.com\/index.php\/2024\/07\/20\/exhorta-dip-carolina-rivas-a-promover-el-turismo-local-en-periodo-vacacional\/#breadcrumblist"},"author":{"@id":"https:\/\/artefactonoticias.com\/index.php\/author\/luis-santillan\/#author"},"creator":{"@id":"https:\/\/artefactonoticias.com\/index.php\/author\/luis-santillan\/#author"},"datePublished":"2024-07-20T16:08:39-07:00","dateModified":"2024-07-20T16:08:41-07:00"},{"@type":"WebSite","@id":"https:\/\/artefactonoticias.com\/#website","url":"https:\/\/artefactonoticias.com\/","name":"artefactonoticias.com","inLanguage":"es-MX","publisher":{"@id":"https:\/\/artefactonoticias.com\/#organization"}}]},"og:locale":"es_MX","og:site_name":"Artefacto Noticias -","og:type":"article","og:title":"EXHORTA DIP. CAROLINA RIVAS A PROMOVER EL TURISMO LOCAL EN PERIODO VACACIONAL - Artefacto Noticias","og:description":"\u2022 Lo dirige a la gobernadora a fin de que instruya a Secretar\u00eda de Turismo a presentar el calendario de actividades y eventos de recreaci\u00f3n y cultura, especificando los eventos gratuitos \u2022 \u201cJuntos hagamos de este verano, una temporada inolvidable para todas y todos\u201d: Diputada Mexicali, B.C., viernes 19 de julio de 2024.- Es indiscutible","og:url":"https:\/\/artefactonoticias.com\/index.php\/2024\/07\/20\/exhorta-dip-carolina-rivas-a-promover-el-turismo-local-en-periodo-vacacional\/","og:image":"https:\/\/artefactonoticias.com\/wp-content\/uploads\/2023\/04\/Artefacto-Logo-256x191-1.png","og:image:secure_url":"https:\/\/artefactonoticias.com\/wp-content\/uploads\/2023\/04\/Artefacto-Logo-256x191-1.png","article:published_time":"2024-07-20T23:08:39+00:00","article:modified_time":"2024-07-20T23:08:41+00:00","twitter:card":"summary_large_image","twitter:title":"EXHORTA DIP. CAROLINA RIVAS A PROMOVER EL TURISMO LOCAL EN PERIODO VACACIONAL - Artefacto Noticias","twitter:description":"\u2022 Lo dirige a la gobernadora a fin de que instruya a Secretar\u00eda de Turismo a presentar el calendario de actividades y eventos de recreaci\u00f3n y cultura, especificando los eventos gratuitos \u2022 \u201cJuntos hagamos de este verano, una temporada inolvidable para todas y todos\u201d: Diputada Mexicali, B.C., viernes 19 de julio de 2024.- Es indiscutible","twitter:image":"https:\/\/artefactonoticias.com\/wp-content\/uploads\/2023\/04\/Artefacto-Logo-256x191-1.png"},"aioseo_meta_data":{"post_id":"1243","title":null,"description":null,"keywords":null,"keyphrases":{"focus":{"keyphrase":"","score":0,"analysis":{"keyphraseInTitle":{"score":0,"maxScore":9,"error":1}}},"additional":[]},"primary_term":null,"canonical_url":null,"og_title":null,"og_description":null,"og_object_type":"default","og_image_type":"default","og_image_url":null,"og_image_width":null,"og_image_height":null,"og_image_custom_url":null,"og_image_custom_fields":null,"og_video":"","og_custom_url":null,"og_article_section":null,"og_article_tags":null,"twitter_use_og":false,"twitter_card":"default","twitter_image_type":"default","twitter_image_url":null,"twitter_image_custom_url":null,"twitter_image_custom_fields":null,"twitter_title":null,"twitter_description":null,"schema":{"blockGraphs":[],"customGraphs":[],"default":{"data":{"Article":[],"Course":[],"Dataset":[],"FAQPage":[],"Movie":[],"Person":[],"Product":[],"ProductReview":[],"Car":[],"Recipe":[],"Service":[],"SoftwareApplication":[],"WebPage":[]},"graphName":"BlogPosting","isEnabled":true},"graphs":[]},"schema_type":"default","schema_type_options":null,"pillar_content":false,"robots_default":true,"robots_noindex":false,"robots_noarchive":false,"robots_nosnippet":false,"robots_nofollow":false,"robots_noimageindex":false,"robots_noodp":false,"robots_notranslate":false,"robots_max_snippet":"-1","robots_max_videopreview":"-1","robots_max_imagepreview":"large","priority":null,"frequency":"default","local_seo":null,"breadcrumb_settings":null,"limit_modified_date":false,"ai":null,"created":"2024-07-20 23:08:41","updated":"2025-06-05 12:02:59","seo_analyzer_scan_date":null,"focus_keyword":null,"additional_keywords":null,"truseo_locale":null},"aioseo_breadcrumb":"<div class=\"aioseo-breadcrumbs\"><span class=\"aioseo-breadcrumb\">\n\t\t\t<a href=\"https:\/\/artefactonoticias.com\" title=\"Home\">Home<\/a>\n\t\t<\/span><span class=\"aioseo-breadcrumb-separator\">&raquo;<\/span><span class=\"aioseo-breadcrumb\">\n\t\t\t<a href=\"https:\/\/artefactonoticias.com\/index.php\/category\/sin-categoria\/\" title=\"Sin categor\u00eda\">Sin categor\u00eda<\/a>\n\t\t<\/span><span class=\"aioseo-breadcrumb-separator\">&raquo;<\/span><span class=\"aioseo-breadcrumb\">\n\t\t\tEXHORTA DIP. CAROLINA RIVAS A PROMOVER EL TURISMO LOCAL EN PERIODO VACACIONAL\n\t\t<\/span><\/div>","aioseo_breadcrumb_json":[{"label":"Home","link":"https:\/\/artefactonoticias.com"},{"label":"Sin categor\u00eda","link":"https:\/\/artefactonoticias.com\/index.php\/category\/sin-categoria\/"},{"label":"EXHORTA DIP. CAROLINA RIVAS A PROMOVER EL TURISMO LOCAL EN PERIODO VACACIONAL","link":"https:\/\/artefactonoticias.com\/index.php\/2024\/07\/20\/exhorta-dip-carolina-rivas-a-promover-el-turismo-local-en-periodo-vacacional\/"}],"jetpack_sharing_enabled":true,"jetpack_featured_media_url":"","_links":{"self":[{"href":"https:\/\/artefactonoticias.com\/index.php\/wp-json\/wp\/v2\/posts\/1243","targetHints":{"allow":["GET"]}}],"collection":[{"href":"https:\/\/artefactonoticias.com\/index.php\/wp-json\/wp\/v2\/posts"}],"about":[{"href":"https:\/\/artefactonoticias.com\/index.php\/wp-json\/wp\/v2\/types\/post"}],"author":[{"embeddable":true,"href":"https:\/\/artefactonoticias.com\/index.php\/wp-json\/wp\/v2\/users\/2"}],"replies":[{"embeddable":true,"href":"https:\/\/artefactonoticias.com\/index.php\/wp-json\/wp\/v2\/comments?post=1243"}],"version-history":[{"count":1,"href":"https:\/\/artefactonoticias.com\/index.php\/wp-json\/wp\/v2\/posts\/1243\/revisions"}],"predecessor-version":[{"id":1245,"href":"https:\/\/artefactonoticias.com\/index.php\/wp-json\/wp\/v2\/posts\/1243\/revisions\/1245"}],"wp:attachment":[{"href":"https:\/\/artefactonoticias.com\/index.php\/wp-json\/wp\/v2\/media?parent=1243"}],"wp:term":[{"taxonomy":"category","embeddable":true,"href":"https:\/\/artefactonoticias.com\/index.php\/wp-json\/wp\/v2\/categories?post=1243"},{"taxonomy":"post_tag","embeddable":true,"href":"https:\/\/artefactonoticias.com\/index.php\/wp-json\/wp\/v2\/tags?post=1243"}],"curies":[{"name":"wp","href":"https:\/\/api.w.org\/{rel}","templated":true}]}}