{"id":1223,"date":"2024-07-16T20:57:20","date_gmt":"2024-07-17T03:57:20","guid":{"rendered":"https:\/\/artefactonoticias.com\/?p=1223"},"modified":"2024-07-16T20:57:22","modified_gmt":"2024-07-17T03:57:22","slug":"aprueban-reforma-a-ley-de-atencion-y-proteccion-a-personas-con-autismo","status":"publish","type":"post","link":"https:\/\/artefactonoticias.com\/index.php\/2024\/07\/16\/aprueban-reforma-a-ley-de-atencion-y-proteccion-a-personas-con-autismo\/","title":{"rendered":"APRUEBAN REFORMA A LEY DE ATENCI\u00d3N Y PROTECCI\u00d3N A PERSONAS CON AUTISMO"},"content":{"rendered":"\n<figure class=\"wp-block-gallery has-nested-images columns-default is-cropped wp-block-gallery-1 is-layout-flex wp-block-gallery-is-layout-flex\">\n<figure class=\"wp-block-image size-large\"><img loading=\"lazy\" decoding=\"async\" width=\"1024\" height=\"768\" data-id=\"1224\" src=\"https:\/\/artefactonoticias.com\/wp-content\/uploads\/2024\/07\/1000230592-1024x768.jpg\" alt=\"\" class=\"wp-image-1224\" srcset=\"https:\/\/artefactonoticias.com\/wp-content\/uploads\/2024\/07\/1000230592-1024x768.jpg 1024w, https:\/\/artefactonoticias.com\/wp-content\/uploads\/2024\/07\/1000230592-300x225.jpg 300w, https:\/\/artefactonoticias.com\/wp-content\/uploads\/2024\/07\/1000230592-768x576.jpg 768w, https:\/\/artefactonoticias.com\/wp-content\/uploads\/2024\/07\/1000230592-1536x1152.jpg 1536w, https:\/\/artefactonoticias.com\/wp-content\/uploads\/2024\/07\/1000230592.jpg 1600w\" sizes=\"auto, (max-width: 1024px) 100vw, 1024px\" \/><\/figure>\n<\/figure>\n\n\n\n<p class=\"wp-block-paragraph\">\u2022 Se busca que se promuevan pol\u00edticas y programas de apoyos a las familias vulnerables y madres solteras de las personas con esta condici\u00f3n<\/p>\n\n\n\n<p class=\"wp-block-paragraph\">\u2022 Las familias de ni\u00f1os con Trastorno del espectro autista, enfrenta costos financieros muy elevados, incluyendo gastos m\u00e9dicos y terapias<\/p>\n\n\n\n<p class=\"wp-block-paragraph\">Mexicali, B.C., lunes 15 de julio de 2024.- La Iniciativa de reforma a un art\u00edculo de la Ley de Atenci\u00f3n y Protecci\u00f3n a personas con Autismo para el Estado, presentada con antelaci\u00f3n por el diputado con licencia Rom\u00e1n Cota Mu\u00f1oz, fue aprobada por el Pleno en sesi\u00f3n ordinaria reciente.<\/p>\n\n\n\n<p class=\"wp-block-paragraph\">Dicha iniciativa tiene como objetivo, fortalecer el marco jur\u00eddico de Baja California, a fin de establecer se promuevan pol\u00edticas y programas de apoyos a las familias vulnerables y madres solteras de las personas con la condici\u00f3n del espectro autista.<\/p>\n\n\n\n<p class=\"wp-block-paragraph\">Entre las principales razones que detall\u00f3 el inicialista en su exposici\u00f3n de motivos, que desde su \u00f3ptica justifican el cambio legislativo est\u00e1: que se debe legislar a favor del espectro autista, para proporcionar un futuro m\u00e1s prometedor a las personas con este trastorno.<\/p>\n\n\n\n<p class=\"wp-block-paragraph\">As\u00ed mismo, un estudio de la Universidad de Harvard, demostr\u00f3 que el acceso temprano a intervenciones conductuales puede tener un impacto transformador en la vida de los ni\u00f1os con trastorno del espectro autista.<\/p>\n\n\n\n<p class=\"wp-block-paragraph\">Seg\u00fan datos de del Instituto de Investigaci\u00f3n de Autismo subrayan que las familias de ni\u00f1os con Trastorno del espectro autista, enfrenta costos financieros muy elevados, incluyendo gastos m\u00e9dicos y terapias.<\/p>\n\n\n\n<p class=\"wp-block-paragraph\">Los pa\u00edses que cuentan con pol\u00edticas s\u00f3lidas en materia de apoyo a personas con TEA, muestran mejoras significativas en la calidad de vida tanto de los afectados como de sus familias.<\/p>\n\n\n\n<p class=\"wp-block-paragraph\">Por tales motivos, fue aprobado por el Pleno por veinte votos a favor, cero en contray cero abstenciones, el Dictamen No. 23 de la Comisi\u00f3n de Salud, de la reforma al art\u00edculo 12 de la Ley de Atenci\u00f3n y Protecci\u00f3n a Personas con Autismo de Baja California.<\/p>\n","protected":false},"excerpt":{"rendered":"<p>\u2022 Se busca que se promuevan pol\u00edticas y programas de apoyos a las familias vulnerables&#8230;<\/p>\n","protected":false},"author":2,"featured_media":0,"comment_status":"open","ping_status":"open","sticky":false,"template":"","format":"standard","meta":{"om_disable_all_campaigns":false,"_monsterinsights_skip_tracking":false,"_jetpack_newsletter_access":"","_jetpack_dont_email_post_to_subs":false,"_jetpack_newsletter_tier_id":0,"_jetpack_memberships_contains_paywalled_content":false,"_jetpack_memberships_contains_paid_content":false,"footnotes":""},"categories":[1],"tags":[],"class_list":["post-1223","post","type-post","status-publish","format-standard","hentry","category-sin-categoria"],"aioseo_notices":[],"aioseo_head":"\n\t\t<!-- All in One SEO 5.0.1.1 - aioseo.com -->\n\t<meta name=\"description\" content=\"\u2022 Se busca que se promuevan pol\u00edticas y programas de apoyos a las familias vulnerables y madres solteras de las personas con esta condici\u00f3n \u2022 Las familias de ni\u00f1os con Trastorno del espectro autista, enfrenta costos financieros muy elevados, incluyendo gastos m\u00e9dicos y terapias Mexicali, B.C., lunes 15 de julio de 2024.- La Iniciativa de\" \/>\n\t<meta name=\"robots\" content=\"max-image-preview:large\" \/>\n\t<meta name=\"author\" content=\"Luis Santillan\"\/>\n\t<link rel=\"canonical\" href=\"https:\/\/artefactonoticias.com\/index.php\/2024\/07\/16\/aprueban-reforma-a-ley-de-atencion-y-proteccion-a-personas-con-autismo\/\" \/>\n\t<meta name=\"generator\" content=\"All in One SEO (AIOSEO) 5.0.1.1\" \/>\n\t\t<meta property=\"og:locale\" content=\"es_MX\" \/>\n\t\t<meta property=\"og:site_name\" content=\"Artefacto Noticias -\" \/>\n\t\t<meta property=\"og:type\" content=\"article\" \/>\n\t\t<meta property=\"og:title\" content=\"APRUEBAN REFORMA A LEY DE ATENCI\u00d3N Y PROTECCI\u00d3N A PERSONAS CON AUTISMO - Artefacto Noticias\" \/>\n\t\t<meta property=\"og:description\" content=\"\u2022 Se busca que se promuevan pol\u00edticas y programas de apoyos a las familias vulnerables y madres solteras de las personas con esta condici\u00f3n \u2022 Las familias de ni\u00f1os con Trastorno del espectro autista, enfrenta costos financieros muy elevados, incluyendo gastos m\u00e9dicos y terapias Mexicali, B.C., lunes 15 de julio de 2024.- La Iniciativa de\" \/>\n\t\t<meta property=\"og:url\" content=\"https:\/\/artefactonoticias.com\/index.php\/2024\/07\/16\/aprueban-reforma-a-ley-de-atencion-y-proteccion-a-personas-con-autismo\/\" \/>\n\t\t<meta property=\"og:image\" content=\"https:\/\/artefactonoticias.com\/wp-content\/uploads\/2023\/04\/Artefacto-Logo-256x191-1.png\" \/>\n\t\t<meta property=\"og:image:secure_url\" content=\"https:\/\/artefactonoticias.com\/wp-content\/uploads\/2023\/04\/Artefacto-Logo-256x191-1.png\" \/>\n\t\t<meta property=\"article:published_time\" content=\"2024-07-17T03:57:20+00:00\" \/>\n\t\t<meta property=\"article:modified_time\" content=\"2024-07-17T03:57:22+00:00\" \/>\n\t\t<meta name=\"twitter:card\" content=\"summary_large_image\" \/>\n\t\t<meta name=\"twitter:title\" content=\"APRUEBAN REFORMA A LEY DE ATENCI\u00d3N Y PROTECCI\u00d3N A PERSONAS CON AUTISMO - Artefacto Noticias\" \/>\n\t\t<meta name=\"twitter:description\" content=\"\u2022 Se busca que se promuevan pol\u00edticas y programas de apoyos a las familias vulnerables y madres solteras de las personas con esta condici\u00f3n \u2022 Las familias de ni\u00f1os con Trastorno del espectro autista, enfrenta costos financieros muy elevados, incluyendo gastos m\u00e9dicos y terapias Mexicali, B.C., lunes 15 de julio de 2024.- La Iniciativa de\" \/>\n\t\t<meta name=\"twitter:image\" content=\"https:\/\/artefactonoticias.com\/wp-content\/uploads\/2023\/04\/Artefacto-Logo-256x191-1.png\" \/>\n\t\t<script type=\"application\/ld+json\" class=\"aioseo-schema\">\n\t\t\t{\"@context\":\"https:\\\/\\\/schema.org\",\"@graph\":[{\"@type\":\"BlogPosting\",\"@id\":\"https:\\\/\\\/artefactonoticias.com\\\/index.php\\\/2024\\\/07\\\/16\\\/aprueban-reforma-a-ley-de-atencion-y-proteccion-a-personas-con-autismo\\\/#blogposting\",\"name\":\"APRUEBAN REFORMA A LEY DE ATENCI\\u00d3N Y PROTECCI\\u00d3N A PERSONAS CON AUTISMO - Artefacto Noticias\",\"headline\":\"APRUEBAN REFORMA A LEY DE ATENCI\\u00d3N Y PROTECCI\\u00d3N A PERSONAS CON AUTISMO\",\"author\":{\"@id\":\"https:\\\/\\\/artefactonoticias.com\\\/index.php\\\/author\\\/luis-santillan\\\/#author\"},\"publisher\":{\"@id\":\"https:\\\/\\\/artefactonoticias.com\\\/#organization\"},\"image\":{\"@type\":\"ImageObject\",\"url\":\"https:\\\/\\\/artefactonoticias.com\\\/wp-content\\\/uploads\\\/2024\\\/07\\\/1000230592-1024x768.jpg\",\"@id\":\"https:\\\/\\\/artefactonoticias.com\\\/index.php\\\/2024\\\/07\\\/16\\\/aprueban-reforma-a-ley-de-atencion-y-proteccion-a-personas-con-autismo\\\/#articleImage\"},\"datePublished\":\"2024-07-16T20:57:20-07:00\",\"dateModified\":\"2024-07-16T20:57:22-07:00\",\"inLanguage\":\"es-MX\",\"mainEntityOfPage\":{\"@id\":\"https:\\\/\\\/artefactonoticias.com\\\/index.php\\\/2024\\\/07\\\/16\\\/aprueban-reforma-a-ley-de-atencion-y-proteccion-a-personas-con-autismo\\\/#webpage\"},\"isPartOf\":{\"@id\":\"https:\\\/\\\/artefactonoticias.com\\\/index.php\\\/2024\\\/07\\\/16\\\/aprueban-reforma-a-ley-de-atencion-y-proteccion-a-personas-con-autismo\\\/#webpage\"},\"articleSection\":\"Sin categor\\u00eda\"},{\"@type\":\"BreadcrumbList\",\"@id\":\"https:\\\/\\\/artefactonoticias.com\\\/index.php\\\/2024\\\/07\\\/16\\\/aprueban-reforma-a-ley-de-atencion-y-proteccion-a-personas-con-autismo\\\/#breadcrumblist\",\"itemListElement\":[{\"@type\":\"ListItem\",\"@id\":\"https:\\\/\\\/artefactonoticias.com#listItem\",\"position\":1,\"name\":\"Home\",\"item\":\"https:\\\/\\\/artefactonoticias.com\",\"nextItem\":{\"@type\":\"ListItem\",\"@id\":\"https:\\\/\\\/artefactonoticias.com\\\/index.php\\\/category\\\/sin-categoria\\\/#listItem\",\"name\":\"Sin categor\\u00eda\"}},{\"@type\":\"ListItem\",\"@id\":\"https:\\\/\\\/artefactonoticias.com\\\/index.php\\\/category\\\/sin-categoria\\\/#listItem\",\"position\":2,\"name\":\"Sin categor\\u00eda\",\"item\":\"https:\\\/\\\/artefactonoticias.com\\\/index.php\\\/category\\\/sin-categoria\\\/\",\"nextItem\":{\"@type\":\"ListItem\",\"@id\":\"https:\\\/\\\/artefactonoticias.com\\\/index.php\\\/2024\\\/07\\\/16\\\/aprueban-reforma-a-ley-de-atencion-y-proteccion-a-personas-con-autismo\\\/#listItem\",\"name\":\"APRUEBAN REFORMA A LEY DE ATENCI\\u00d3N Y PROTECCI\\u00d3N A PERSONAS CON AUTISMO\"},\"previousItem\":{\"@type\":\"ListItem\",\"@id\":\"https:\\\/\\\/artefactonoticias.com#listItem\",\"name\":\"Home\"}},{\"@type\":\"ListItem\",\"@id\":\"https:\\\/\\\/artefactonoticias.com\\\/index.php\\\/2024\\\/07\\\/16\\\/aprueban-reforma-a-ley-de-atencion-y-proteccion-a-personas-con-autismo\\\/#listItem\",\"position\":3,\"name\":\"APRUEBAN REFORMA A LEY DE ATENCI\\u00d3N Y PROTECCI\\u00d3N A PERSONAS CON AUTISMO\",\"previousItem\":{\"@type\":\"ListItem\",\"@id\":\"https:\\\/\\\/artefactonoticias.com\\\/index.php\\\/category\\\/sin-categoria\\\/#listItem\",\"name\":\"Sin categor\\u00eda\"}}]},{\"@type\":\"Organization\",\"@id\":\"https:\\\/\\\/artefactonoticias.com\\\/#organization\",\"name\":\"artefactonoticias.com\",\"url\":\"https:\\\/\\\/artefactonoticias.com\\\/\",\"logo\":{\"@type\":\"ImageObject\",\"url\":\"https:\\\/\\\/artefactonoticias.com\\\/wp-content\\\/uploads\\\/2023\\\/04\\\/Artefacto-Logo-256x191-1.png\",\"@id\":\"https:\\\/\\\/artefactonoticias.com\\\/index.php\\\/2024\\\/07\\\/16\\\/aprueban-reforma-a-ley-de-atencion-y-proteccion-a-personas-con-autismo\\\/#organizationLogo\",\"width\":256,\"height\":191},\"image\":{\"@id\":\"https:\\\/\\\/artefactonoticias.com\\\/index.php\\\/2024\\\/07\\\/16\\\/aprueban-reforma-a-ley-de-atencion-y-proteccion-a-personas-con-autismo\\\/#organizationLogo\"}},{\"@type\":\"Person\",\"@id\":\"https:\\\/\\\/artefactonoticias.com\\\/index.php\\\/author\\\/luis-santillan\\\/#author\",\"url\":\"https:\\\/\\\/artefactonoticias.com\\\/index.php\\\/author\\\/luis-santillan\\\/\",\"name\":\"Luis Santillan\",\"image\":{\"@type\":\"ImageObject\",\"@id\":\"https:\\\/\\\/artefactonoticias.com\\\/index.php\\\/2024\\\/07\\\/16\\\/aprueban-reforma-a-ley-de-atencion-y-proteccion-a-personas-con-autismo\\\/#authorImage\",\"url\":\"https:\\\/\\\/secure.gravatar.com\\\/avatar\\\/60dc8a8d7131dc5a28fa778714b8c5b97cd1a7fdc963e3cbfc44a976d47116ca?s=96&d=mm&r=g\",\"width\":96,\"height\":96,\"caption\":\"Luis Santillan\"}},{\"@type\":\"WebPage\",\"@id\":\"https:\\\/\\\/artefactonoticias.com\\\/index.php\\\/2024\\\/07\\\/16\\\/aprueban-reforma-a-ley-de-atencion-y-proteccion-a-personas-con-autismo\\\/#webpage\",\"url\":\"https:\\\/\\\/artefactonoticias.com\\\/index.php\\\/2024\\\/07\\\/16\\\/aprueban-reforma-a-ley-de-atencion-y-proteccion-a-personas-con-autismo\\\/\",\"name\":\"APRUEBAN REFORMA A LEY DE ATENCI\\u00d3N Y PROTECCI\\u00d3N A PERSONAS CON AUTISMO - Artefacto Noticias\",\"description\":\"\\u2022 Se busca que se promuevan pol\\u00edticas y programas de apoyos a las familias vulnerables y madres solteras de las personas con esta condici\\u00f3n \\u2022 Las familias de ni\\u00f1os con Trastorno del espectro autista, enfrenta costos financieros muy elevados, incluyendo gastos m\\u00e9dicos y terapias Mexicali, B.C., lunes 15 de julio de 2024.- La Iniciativa de\",\"inLanguage\":\"es-MX\",\"isPartOf\":{\"@id\":\"https:\\\/\\\/artefactonoticias.com\\\/#website\"},\"breadcrumb\":{\"@id\":\"https:\\\/\\\/artefactonoticias.com\\\/index.php\\\/2024\\\/07\\\/16\\\/aprueban-reforma-a-ley-de-atencion-y-proteccion-a-personas-con-autismo\\\/#breadcrumblist\"},\"author\":{\"@id\":\"https:\\\/\\\/artefactonoticias.com\\\/index.php\\\/author\\\/luis-santillan\\\/#author\"},\"creator\":{\"@id\":\"https:\\\/\\\/artefactonoticias.com\\\/index.php\\\/author\\\/luis-santillan\\\/#author\"},\"datePublished\":\"2024-07-16T20:57:20-07:00\",\"dateModified\":\"2024-07-16T20:57:22-07:00\"},{\"@type\":\"WebSite\",\"@id\":\"https:\\\/\\\/artefactonoticias.com\\\/#website\",\"url\":\"https:\\\/\\\/artefactonoticias.com\\\/\",\"name\":\"artefactonoticias.com\",\"inLanguage\":\"es-MX\",\"publisher\":{\"@id\":\"https:\\\/\\\/artefactonoticias.com\\\/#organization\"}}]}\n\t\t<\/script>\n\t\t<!-- All in One SEO -->\n\n","aioseo_head_json":{"title":"APRUEBAN REFORMA A LEY DE ATENCI\u00d3N Y PROTECCI\u00d3N A PERSONAS CON AUTISMO - Artefacto Noticias","description":"\u2022 Se busca que se promuevan pol\u00edticas y programas de apoyos a las familias vulnerables y madres solteras de las personas con esta condici\u00f3n \u2022 Las familias de ni\u00f1os con Trastorno del espectro autista, enfrenta costos financieros muy elevados, incluyendo gastos m\u00e9dicos y terapias Mexicali, B.C., lunes 15 de julio de 2024.- La Iniciativa de","canonical_url":"https:\/\/artefactonoticias.com\/index.php\/2024\/07\/16\/aprueban-reforma-a-ley-de-atencion-y-proteccion-a-personas-con-autismo\/","robots":"max-image-preview:large","keywords":"","webmasterTools":{"miscellaneous":""},"schema":{"@context":"https:\/\/schema.org","@graph":[{"@type":"BlogPosting","@id":"https:\/\/artefactonoticias.com\/index.php\/2024\/07\/16\/aprueban-reforma-a-ley-de-atencion-y-proteccion-a-personas-con-autismo\/#blogposting","name":"APRUEBAN REFORMA A LEY DE ATENCI\u00d3N Y PROTECCI\u00d3N A PERSONAS CON AUTISMO - Artefacto Noticias","headline":"APRUEBAN REFORMA A LEY DE ATENCI\u00d3N Y PROTECCI\u00d3N A PERSONAS CON AUTISMO","author":{"@id":"https:\/\/artefactonoticias.com\/index.php\/author\/luis-santillan\/#author"},"publisher":{"@id":"https:\/\/artefactonoticias.com\/#organization"},"image":{"@type":"ImageObject","url":"https:\/\/artefactonoticias.com\/wp-content\/uploads\/2024\/07\/1000230592-1024x768.jpg","@id":"https:\/\/artefactonoticias.com\/index.php\/2024\/07\/16\/aprueban-reforma-a-ley-de-atencion-y-proteccion-a-personas-con-autismo\/#articleImage"},"datePublished":"2024-07-16T20:57:20-07:00","dateModified":"2024-07-16T20:57:22-07:00","inLanguage":"es-MX","mainEntityOfPage":{"@id":"https:\/\/artefactonoticias.com\/index.php\/2024\/07\/16\/aprueban-reforma-a-ley-de-atencion-y-proteccion-a-personas-con-autismo\/#webpage"},"isPartOf":{"@id":"https:\/\/artefactonoticias.com\/index.php\/2024\/07\/16\/aprueban-reforma-a-ley-de-atencion-y-proteccion-a-personas-con-autismo\/#webpage"},"articleSection":"Sin categor\u00eda"},{"@type":"BreadcrumbList","@id":"https:\/\/artefactonoticias.com\/index.php\/2024\/07\/16\/aprueban-reforma-a-ley-de-atencion-y-proteccion-a-personas-con-autismo\/#breadcrumblist","itemListElement":[{"@type":"ListItem","@id":"https:\/\/artefactonoticias.com#listItem","position":1,"name":"Home","item":"https:\/\/artefactonoticias.com","nextItem":{"@type":"ListItem","@id":"https:\/\/artefactonoticias.com\/index.php\/category\/sin-categoria\/#listItem","name":"Sin categor\u00eda"}},{"@type":"ListItem","@id":"https:\/\/artefactonoticias.com\/index.php\/category\/sin-categoria\/#listItem","position":2,"name":"Sin categor\u00eda","item":"https:\/\/artefactonoticias.com\/index.php\/category\/sin-categoria\/","nextItem":{"@type":"ListItem","@id":"https:\/\/artefactonoticias.com\/index.php\/2024\/07\/16\/aprueban-reforma-a-ley-de-atencion-y-proteccion-a-personas-con-autismo\/#listItem","name":"APRUEBAN REFORMA A LEY DE ATENCI\u00d3N Y PROTECCI\u00d3N A PERSONAS CON AUTISMO"},"previousItem":{"@type":"ListItem","@id":"https:\/\/artefactonoticias.com#listItem","name":"Home"}},{"@type":"ListItem","@id":"https:\/\/artefactonoticias.com\/index.php\/2024\/07\/16\/aprueban-reforma-a-ley-de-atencion-y-proteccion-a-personas-con-autismo\/#listItem","position":3,"name":"APRUEBAN REFORMA A LEY DE ATENCI\u00d3N Y PROTECCI\u00d3N A PERSONAS CON AUTISMO","previousItem":{"@type":"ListItem","@id":"https:\/\/artefactonoticias.com\/index.php\/category\/sin-categoria\/#listItem","name":"Sin categor\u00eda"}}]},{"@type":"Organization","@id":"https:\/\/artefactonoticias.com\/#organization","name":"artefactonoticias.com","url":"https:\/\/artefactonoticias.com\/","logo":{"@type":"ImageObject","url":"https:\/\/artefactonoticias.com\/wp-content\/uploads\/2023\/04\/Artefacto-Logo-256x191-1.png","@id":"https:\/\/artefactonoticias.com\/index.php\/2024\/07\/16\/aprueban-reforma-a-ley-de-atencion-y-proteccion-a-personas-con-autismo\/#organizationLogo","width":256,"height":191},"image":{"@id":"https:\/\/artefactonoticias.com\/index.php\/2024\/07\/16\/aprueban-reforma-a-ley-de-atencion-y-proteccion-a-personas-con-autismo\/#organizationLogo"}},{"@type":"Person","@id":"https:\/\/artefactonoticias.com\/index.php\/author\/luis-santillan\/#author","url":"https:\/\/artefactonoticias.com\/index.php\/author\/luis-santillan\/","name":"Luis Santillan","image":{"@type":"ImageObject","@id":"https:\/\/artefactonoticias.com\/index.php\/2024\/07\/16\/aprueban-reforma-a-ley-de-atencion-y-proteccion-a-personas-con-autismo\/#authorImage","url":"https:\/\/secure.gravatar.com\/avatar\/60dc8a8d7131dc5a28fa778714b8c5b97cd1a7fdc963e3cbfc44a976d47116ca?s=96&d=mm&r=g","width":96,"height":96,"caption":"Luis Santillan"}},{"@type":"WebPage","@id":"https:\/\/artefactonoticias.com\/index.php\/2024\/07\/16\/aprueban-reforma-a-ley-de-atencion-y-proteccion-a-personas-con-autismo\/#webpage","url":"https:\/\/artefactonoticias.com\/index.php\/2024\/07\/16\/aprueban-reforma-a-ley-de-atencion-y-proteccion-a-personas-con-autismo\/","name":"APRUEBAN REFORMA A LEY DE ATENCI\u00d3N Y PROTECCI\u00d3N A PERSONAS CON AUTISMO - Artefacto Noticias","description":"\u2022 Se busca que se promuevan pol\u00edticas y programas de apoyos a las familias vulnerables y madres solteras de las personas con esta condici\u00f3n \u2022 Las familias de ni\u00f1os con Trastorno del espectro autista, enfrenta costos financieros muy elevados, incluyendo gastos m\u00e9dicos y terapias Mexicali, B.C., lunes 15 de julio de 2024.- La Iniciativa de","inLanguage":"es-MX","isPartOf":{"@id":"https:\/\/artefactonoticias.com\/#website"},"breadcrumb":{"@id":"https:\/\/artefactonoticias.com\/index.php\/2024\/07\/16\/aprueban-reforma-a-ley-de-atencion-y-proteccion-a-personas-con-autismo\/#breadcrumblist"},"author":{"@id":"https:\/\/artefactonoticias.com\/index.php\/author\/luis-santillan\/#author"},"creator":{"@id":"https:\/\/artefactonoticias.com\/index.php\/author\/luis-santillan\/#author"},"datePublished":"2024-07-16T20:57:20-07:00","dateModified":"2024-07-16T20:57:22-07:00"},{"@type":"WebSite","@id":"https:\/\/artefactonoticias.com\/#website","url":"https:\/\/artefactonoticias.com\/","name":"artefactonoticias.com","inLanguage":"es-MX","publisher":{"@id":"https:\/\/artefactonoticias.com\/#organization"}}]},"og:locale":"es_MX","og:site_name":"Artefacto Noticias -","og:type":"article","og:title":"APRUEBAN REFORMA A LEY DE ATENCI\u00d3N Y PROTECCI\u00d3N A PERSONAS CON AUTISMO - Artefacto Noticias","og:description":"\u2022 Se busca que se promuevan pol\u00edticas y programas de apoyos a las familias vulnerables y madres solteras de las personas con esta condici\u00f3n \u2022 Las familias de ni\u00f1os con Trastorno del espectro autista, enfrenta costos financieros muy elevados, incluyendo gastos m\u00e9dicos y terapias Mexicali, B.C., lunes 15 de julio de 2024.- La Iniciativa de","og:url":"https:\/\/artefactonoticias.com\/index.php\/2024\/07\/16\/aprueban-reforma-a-ley-de-atencion-y-proteccion-a-personas-con-autismo\/","og:image":"https:\/\/artefactonoticias.com\/wp-content\/uploads\/2023\/04\/Artefacto-Logo-256x191-1.png","og:image:secure_url":"https:\/\/artefactonoticias.com\/wp-content\/uploads\/2023\/04\/Artefacto-Logo-256x191-1.png","article:published_time":"2024-07-17T03:57:20+00:00","article:modified_time":"2024-07-17T03:57:22+00:00","twitter:card":"summary_large_image","twitter:title":"APRUEBAN REFORMA A LEY DE ATENCI\u00d3N Y PROTECCI\u00d3N A PERSONAS CON AUTISMO - Artefacto Noticias","twitter:description":"\u2022 Se busca que se promuevan pol\u00edticas y programas de apoyos a las familias vulnerables y madres solteras de las personas con esta condici\u00f3n \u2022 Las familias de ni\u00f1os con Trastorno del espectro autista, enfrenta costos financieros muy elevados, incluyendo gastos m\u00e9dicos y terapias Mexicali, B.C., lunes 15 de julio de 2024.- La Iniciativa de","twitter:image":"https:\/\/artefactonoticias.com\/wp-content\/uploads\/2023\/04\/Artefacto-Logo-256x191-1.png"},"aioseo_meta_data":{"post_id":"1223","title":null,"description":null,"keywords":null,"keyphrases":{"focus":{"keyphrase":"","score":0,"analysis":{"keyphraseInTitle":{"score":0,"maxScore":9,"error":1}}},"additional":[]},"primary_term":null,"canonical_url":null,"og_title":null,"og_description":null,"og_object_type":"default","og_image_type":"default","og_image_url":null,"og_image_width":null,"og_image_height":null,"og_image_custom_url":null,"og_image_custom_fields":null,"og_video":"","og_custom_url":null,"og_article_section":null,"og_article_tags":null,"twitter_use_og":false,"twitter_card":"default","twitter_image_type":"default","twitter_image_url":null,"twitter_image_custom_url":null,"twitter_image_custom_fields":null,"twitter_title":null,"twitter_description":null,"schema":{"blockGraphs":[],"customGraphs":[],"default":{"data":{"Article":[],"Course":[],"Dataset":[],"FAQPage":[],"Movie":[],"Person":[],"Product":[],"ProductReview":[],"Car":[],"Recipe":[],"Service":[],"SoftwareApplication":[],"WebPage":[]},"graphName":"BlogPosting","isEnabled":true},"graphs":[]},"schema_type":"default","schema_type_options":null,"pillar_content":false,"robots_default":true,"robots_noindex":false,"robots_noarchive":false,"robots_nosnippet":false,"robots_nofollow":false,"robots_noimageindex":false,"robots_noodp":false,"robots_notranslate":false,"robots_max_snippet":"-1","robots_max_videopreview":"-1","robots_max_imagepreview":"large","priority":null,"frequency":"default","local_seo":null,"breadcrumb_settings":null,"limit_modified_date":false,"ai":null,"created":"2024-07-17 03:57:22","updated":"2025-06-05 11:29:38","seo_analyzer_scan_date":null,"focus_keyword":null,"additional_keywords":null,"truseo_locale":null},"aioseo_breadcrumb":"<div class=\"aioseo-breadcrumbs\"><span class=\"aioseo-breadcrumb\">\n\t\t\t<a href=\"https:\/\/artefactonoticias.com\" title=\"Home\">Home<\/a>\n\t\t<\/span><span class=\"aioseo-breadcrumb-separator\">&raquo;<\/span><span class=\"aioseo-breadcrumb\">\n\t\t\t<a href=\"https:\/\/artefactonoticias.com\/index.php\/category\/sin-categoria\/\" title=\"Sin categor\u00eda\">Sin categor\u00eda<\/a>\n\t\t<\/span><span class=\"aioseo-breadcrumb-separator\">&raquo;<\/span><span class=\"aioseo-breadcrumb\">\n\t\t\tAPRUEBAN REFORMA A LEY DE ATENCI\u00d3N Y PROTECCI\u00d3N A PERSONAS CON AUTISMO\n\t\t<\/span><\/div>","aioseo_breadcrumb_json":[{"label":"Home","link":"https:\/\/artefactonoticias.com"},{"label":"Sin categor\u00eda","link":"https:\/\/artefactonoticias.com\/index.php\/category\/sin-categoria\/"},{"label":"APRUEBAN REFORMA A LEY DE ATENCI\u00d3N Y PROTECCI\u00d3N A PERSONAS CON AUTISMO","link":"https:\/\/artefactonoticias.com\/index.php\/2024\/07\/16\/aprueban-reforma-a-ley-de-atencion-y-proteccion-a-personas-con-autismo\/"}],"jetpack_sharing_enabled":true,"jetpack_featured_media_url":"","_links":{"self":[{"href":"https:\/\/artefactonoticias.com\/index.php\/wp-json\/wp\/v2\/posts\/1223","targetHints":{"allow":["GET"]}}],"collection":[{"href":"https:\/\/artefactonoticias.com\/index.php\/wp-json\/wp\/v2\/posts"}],"about":[{"href":"https:\/\/artefactonoticias.com\/index.php\/wp-json\/wp\/v2\/types\/post"}],"author":[{"embeddable":true,"href":"https:\/\/artefactonoticias.com\/index.php\/wp-json\/wp\/v2\/users\/2"}],"replies":[{"embeddable":true,"href":"https:\/\/artefactonoticias.com\/index.php\/wp-json\/wp\/v2\/comments?post=1223"}],"version-history":[{"count":1,"href":"https:\/\/artefactonoticias.com\/index.php\/wp-json\/wp\/v2\/posts\/1223\/revisions"}],"predecessor-version":[{"id":1225,"href":"https:\/\/artefactonoticias.com\/index.php\/wp-json\/wp\/v2\/posts\/1223\/revisions\/1225"}],"wp:attachment":[{"href":"https:\/\/artefactonoticias.com\/index.php\/wp-json\/wp\/v2\/media?parent=1223"}],"wp:term":[{"taxonomy":"category","embeddable":true,"href":"https:\/\/artefactonoticias.com\/index.php\/wp-json\/wp\/v2\/categories?post=1223"},{"taxonomy":"post_tag","embeddable":true,"href":"https:\/\/artefactonoticias.com\/index.php\/wp-json\/wp\/v2\/tags?post=1223"}],"curies":[{"name":"wp","href":"https:\/\/api.w.org\/{rel}","templated":true}]}}