{"id":119,"date":"2023-05-10T19:22:59","date_gmt":"2023-05-11T02:22:59","guid":{"rendered":"https:\/\/artefactonoticias.com\/?p=119"},"modified":"2023-05-10T19:23:17","modified_gmt":"2023-05-11T02:23:17","slug":"130-anos-de-prision-contra-secuestrador","status":"publish","type":"post","link":"https:\/\/artefactonoticias.com\/index.php\/2023\/05\/10\/130-anos-de-prision-contra-secuestrador\/","title":{"rendered":"130 A\u00d1OS DE PRISI\u00d3N CONTRA  SECUESTRADOR"},"content":{"rendered":"\n<figure class=\"wp-block-image size-large\"><img loading=\"lazy\" decoding=\"async\" width=\"181\" height=\"300\" src=\"https:\/\/artefactonoticias.com\/wp-content\/uploads\/2023\/05\/IMG-20230510-WA0025-181x300.jpg\" alt=\"\" class=\"wp-image-118\" srcset=\"https:\/\/artefactonoticias.com\/wp-content\/uploads\/2023\/05\/IMG-20230510-WA0025-181x300.jpg 181w, https:\/\/artefactonoticias.com\/wp-content\/uploads\/2023\/05\/IMG-20230510-WA0025.jpg 600w\" sizes=\"auto, (max-width: 181px) 100vw, 181px\" \/><\/figure>\n\n\n\n<p><\/p>\n\n\n\n<ul class=\"wp-block-list\">\n<li>Con enga\u00f1os trasladaron a las v\u00edctimas a un domicilio en el Valle de Mexicali, en donde los mantuvieron privados de su libertad.<\/li>\n<\/ul>\n\n\n\n<p><em>MEXICALI, BAJA CALIFORNIA, A 10 DE MAYO DE 2023<\/em>.- La Fiscal\u00eda General del Estado (FGE), a trav\u00e9s de una correcta investigaci\u00f3n, logr\u00f3 acreditar la participaci\u00f3n Pedro Omar Cruz Tejeda, en el delito secuestro agravado en contra de dos v\u00edctimas migrantes, obteniendo con ello un fallo condenatorio de m\u00e1s de 100 a\u00f1os de prisi\u00f3n.<\/p>\n\n\n\n<p>Durante la audiencia de debate de Juicio Oral, el juez emiti\u00f3 su resoluci\u00f3n, decretando en contra de Pedro Omar, una pena de 130 a\u00f1os de prisi\u00f3n, adem\u00e1s del pago por la reparaci\u00f3n del da\u00f1o.<\/p>\n\n\n\n<p>El agente del Ministerio P\u00fablico de la Fiscal\u00eda Especializa en Combate al Secuestro, comprob\u00f3 ante el juez que el acusado Pedro Omar, en complicidad de otro hombre, contactaron a las v\u00edctimas a quienes, mediante enga\u00f1os y promesas de cruzarlos ilegalmente a los Estados Unidos de Am\u00e9rica, los trasladaron Mexicali.<\/p>\n\n\n\n<p>A trav\u00e9s de las acciones de investigaci\u00f3n desarrolladas, se determin\u00f3 que al llegar a la ciudad los llevaron al estacionamiento de un casino ubicado cerca del \u00e1rea del Centro C\u00edvico, hasta donde lleg\u00f3 un tercer sujeto del sexo masculino a bordo de un veh\u00edculo Honda color guinda en el cual los subieron, coment\u00e1ndoles que en ese momento se realizar\u00eda el cruce.<\/p>\n\n\n\n<p>De acuerdo a informaci\u00f3n del expediente, las v\u00edctimas, quienes viajaban ocultas en la cajuela del auto, fueron trasladadas a un inmueble ubicado en domicilio conocido en calle Segunda del ejido Jalisco del Valle de Mexicali, en donde los bajaron uno por uno y en el interior de la vivienda, el acusado y otra persona, los sometieron de forma violenta.<\/p>\n\n\n\n<p>En la audiencia el agente del Ministerio P\u00fablico, coment\u00f3 que para obligarlos a proporcionar nombres de alg\u00fan familiar que respondiera por ellos y pagara para liberarlos, esos hombres los amenazaron con hacerles da\u00f1o, los desnudaron, les quitaron sus pertenencias, inmovilizaron, les taparon y vendaron los ojos, adem\u00e1s los amarraron de pies y manos.<\/p>\n\n\n\n<p>Los agentes investigadores comprobaron que durante el tiempo que los tuvieron privados de su libertad, las v\u00edctimas fueron golpeadas de manera constante, adem\u00e1s de obligados a realizar diversas llamadas con sus familiares, en donde les dec\u00edan que ya hab\u00edan cruzado a Estados Unidos de Am\u00e9rica, y que hicieran los dep\u00f3sitos en efectivo para liberarlos.<\/p>\n\n\n\n<p>Finalmente, el dos de septiembre 2017, las v\u00edctimas al observar que Pedro Omar y sus c\u00f3mplices estaban dormidos, se desamarraron procediendo a golpear a sus victimarios para escaparse de la casa, quebrando un vidrio de la ventana, posteriormente pidieron ayuda, siendo posible de esta manera que el sentenciado fuera asegurado por elementos de la Polic\u00eda Ministerial.<\/p>\n","protected":false},"excerpt":{"rendered":"<p>MEXICALI, BAJA CALIFORNIA, A 10 DE MAYO DE 2023.- La Fiscal\u00eda General del Estado (FGE),&#8230;<\/p>\n","protected":false},"author":2,"featured_media":0,"comment_status":"open","ping_status":"open","sticky":false,"template":"","format":"standard","meta":{"om_disable_all_campaigns":false,"_monsterinsights_skip_tracking":false,"_monsterinsights_sitenote_active":false,"_monsterinsights_sitenote_note":"","_monsterinsights_sitenote_category":0,"_jetpack_memberships_contains_paid_content":false,"footnotes":""},"categories":[1],"tags":[],"class_list":["post-119","post","type-post","status-publish","format-standard","hentry","category-sin-categoria"],"aioseo_notices":[],"jetpack_featured_media_url":"","jetpack_sharing_enabled":true,"_links":{"self":[{"href":"https:\/\/artefactonoticias.com\/index.php\/wp-json\/wp\/v2\/posts\/119","targetHints":{"allow":["GET"]}}],"collection":[{"href":"https:\/\/artefactonoticias.com\/index.php\/wp-json\/wp\/v2\/posts"}],"about":[{"href":"https:\/\/artefactonoticias.com\/index.php\/wp-json\/wp\/v2\/types\/post"}],"author":[{"embeddable":true,"href":"https:\/\/artefactonoticias.com\/index.php\/wp-json\/wp\/v2\/users\/2"}],"replies":[{"embeddable":true,"href":"https:\/\/artefactonoticias.com\/index.php\/wp-json\/wp\/v2\/comments?post=119"}],"version-history":[{"count":1,"href":"https:\/\/artefactonoticias.com\/index.php\/wp-json\/wp\/v2\/posts\/119\/revisions"}],"predecessor-version":[{"id":120,"href":"https:\/\/artefactonoticias.com\/index.php\/wp-json\/wp\/v2\/posts\/119\/revisions\/120"}],"wp:attachment":[{"href":"https:\/\/artefactonoticias.com\/index.php\/wp-json\/wp\/v2\/media?parent=119"}],"wp:term":[{"taxonomy":"category","embeddable":true,"href":"https:\/\/artefactonoticias.com\/index.php\/wp-json\/wp\/v2\/categories?post=119"},{"taxonomy":"post_tag","embeddable":true,"href":"https:\/\/artefactonoticias.com\/index.php\/wp-json\/wp\/v2\/tags?post=119"}],"curies":[{"name":"wp","href":"https:\/\/api.w.org\/{rel}","templated":true}]}}