{"id":1179,"date":"2024-07-06T12:58:10","date_gmt":"2024-07-06T19:58:10","guid":{"rendered":"https:\/\/artefactonoticias.com\/?p=1179"},"modified":"2024-07-06T12:58:12","modified_gmt":"2024-07-06T19:58:12","slug":"diputadas-y-diputados-solicitan-reencarpetado-de-carretera-tramo-guerrero-negro-ensenada","status":"publish","type":"post","link":"https:\/\/artefactonoticias.com\/index.php\/2024\/07\/06\/diputadas-y-diputados-solicitan-reencarpetado-de-carretera-tramo-guerrero-negro-ensenada\/","title":{"rendered":"DIPUTADAS Y DIPUTADOS SOLICITAN REENCARPETADO DE CARRETERA TRAMO GUERRERO NEGRO-ENSENADA"},"content":{"rendered":"\n<figure class=\"wp-block-image size-large\"><img loading=\"lazy\" decoding=\"async\" width=\"1024\" height=\"703\" src=\"https:\/\/artefactonoticias.com\/wp-content\/uploads\/2024\/07\/1000227254-1024x703.jpg\" alt=\"\" class=\"wp-image-1180\" srcset=\"https:\/\/artefactonoticias.com\/wp-content\/uploads\/2024\/07\/1000227254-1024x703.jpg 1024w, https:\/\/artefactonoticias.com\/wp-content\/uploads\/2024\/07\/1000227254-300x206.jpg 300w, https:\/\/artefactonoticias.com\/wp-content\/uploads\/2024\/07\/1000227254-768x527.jpg 768w, https:\/\/artefactonoticias.com\/wp-content\/uploads\/2024\/07\/1000227254.jpg 1069w\" sizes=\"auto, (max-width: 1024px) 100vw, 1024px\" \/><\/figure>\n\n\n\n<p><br>\u2022 El Congreso de B.C. se une a la petici\u00f3n de su s\u00edmil de Baja California Sur<br>\u2022 La urgencia de atender esta problem\u00e1tica para prevenir accidentes y asegurar un tr\u00e1nsito eficiente y seguro<br>Mexicali, B.C., a viernes 5 de julio de 2024.- El Pleno del Congreso aprob\u00f3 el exhorto dirigido al Ejecutivo Federal para que el Titular de la Secretar\u00eda de Hacienda y Cr\u00e9dito P\u00fablico, Rogelio Ram\u00edrez de la O, asigne recursos a la Secretar\u00eda de Infraestructura y Comunicaciones y Transportes a fin de llevar a cabo un programa urgente de reencarpetado en la carretera Transpeninsular en el tramo Guerrero Negro-Ensenada.<br>El diputado Ram\u00f3n V\u00e1zquez Valadez, inform\u00f3 a la Asamblea que el pasado 22 de mayo del a\u00f1o en curso se recibi\u00f3 un Punto de Acuerdo por parte del Congreso de Baja California Sur, en el cual solicitan que el Poder Legislativo de B.C. se sume al exhorto al Ejecutivo Federal al respecto de las malas condiciones que presenta la carretera Transpeninsular.<br>\u201cNos solicitan hagamos lo propio toda vez que el tramo carretero que compete a Baja California, requiere mejoras de infraestructura en primera por la seguridad de quienes la transitan, y por la din\u00e1mica relevante en materia de econom\u00eda, tur\u00edstica, agropecuaria e industrial que representa esta regi\u00f3n que conecta a ambas entidades federativas\u201d, apunt\u00f3 el legislador.<br>Subray\u00f3 que la inversi\u00f3n en su mantenimiento no solo mejorar\u00e1 la seguridad vial, sino que tambi\u00e9n fortalecer\u00e1 la econom\u00eda regional y la calidad de vida de los ciudadanos. Adem\u00e1s, mencion\u00f3 que el deterioro de la carretera ha generado m\u00faltiples quejas y preocupaciones entre los usuarios, quienes enfrentan riesgos y dificultades al transitar por esta v\u00eda.<br>Ram\u00f3n V\u00e1zquez hizo hincapi\u00e9 en la urgencia de atender esta problem\u00e1tica para prevenir accidentes y asegurar un tr\u00e1nsito eficiente y seguro.<\/p>\n","protected":false},"excerpt":{"rendered":"<p>\u2022 El Congreso de B.C. se une a la petici\u00f3n de su s\u00edmil de Baja&#8230;<\/p>\n","protected":false},"author":2,"featured_media":0,"comment_status":"open","ping_status":"open","sticky":false,"template":"","format":"standard","meta":{"om_disable_all_campaigns":false,"_monsterinsights_skip_tracking":false,"_monsterinsights_sitenote_active":false,"_monsterinsights_sitenote_note":"","_monsterinsights_sitenote_category":0,"_jetpack_memberships_contains_paid_content":false,"footnotes":""},"categories":[1],"tags":[],"class_list":["post-1179","post","type-post","status-publish","format-standard","hentry","category-sin-categoria"],"aioseo_notices":[],"jetpack_featured_media_url":"","jetpack_sharing_enabled":true,"_links":{"self":[{"href":"https:\/\/artefactonoticias.com\/index.php\/wp-json\/wp\/v2\/posts\/1179","targetHints":{"allow":["GET"]}}],"collection":[{"href":"https:\/\/artefactonoticias.com\/index.php\/wp-json\/wp\/v2\/posts"}],"about":[{"href":"https:\/\/artefactonoticias.com\/index.php\/wp-json\/wp\/v2\/types\/post"}],"author":[{"embeddable":true,"href":"https:\/\/artefactonoticias.com\/index.php\/wp-json\/wp\/v2\/users\/2"}],"replies":[{"embeddable":true,"href":"https:\/\/artefactonoticias.com\/index.php\/wp-json\/wp\/v2\/comments?post=1179"}],"version-history":[{"count":1,"href":"https:\/\/artefactonoticias.com\/index.php\/wp-json\/wp\/v2\/posts\/1179\/revisions"}],"predecessor-version":[{"id":1181,"href":"https:\/\/artefactonoticias.com\/index.php\/wp-json\/wp\/v2\/posts\/1179\/revisions\/1181"}],"wp:attachment":[{"href":"https:\/\/artefactonoticias.com\/index.php\/wp-json\/wp\/v2\/media?parent=1179"}],"wp:term":[{"taxonomy":"category","embeddable":true,"href":"https:\/\/artefactonoticias.com\/index.php\/wp-json\/wp\/v2\/categories?post=1179"},{"taxonomy":"post_tag","embeddable":true,"href":"https:\/\/artefactonoticias.com\/index.php\/wp-json\/wp\/v2\/tags?post=1179"}],"curies":[{"name":"wp","href":"https:\/\/api.w.org\/{rel}","templated":true}]}}