{"id":1171,"date":"2024-07-03T14:45:51","date_gmt":"2024-07-03T21:45:51","guid":{"rendered":"https:\/\/artefactonoticias.com\/?p=1171"},"modified":"2024-07-03T14:45:53","modified_gmt":"2024-07-03T21:45:53","slug":"inician-proceso-integrantes-de-un-grupo-delictivo-presuntos-responsables-de-danos-a-un-antro","status":"publish","type":"post","link":"https:\/\/artefactonoticias.com\/index.php\/2024\/07\/03\/inician-proceso-integrantes-de-un-grupo-delictivo-presuntos-responsables-de-danos-a-un-antro\/","title":{"rendered":"INICIAN PROCESO INTEGRANTES DE UN GRUPO DELICTIVO PRESUNTOS RESPONSABLES DE DA\u00d1OS A UN ANTRO"},"content":{"rendered":"\n<p><\/p>\n\n\n\n<figure class=\"wp-block-image size-large\"><img loading=\"lazy\" decoding=\"async\" width=\"1024\" height=\"537\" src=\"https:\/\/artefactonoticias.com\/wp-content\/uploads\/2024\/07\/1000226299-1024x537.jpg\" alt=\"\" class=\"wp-image-1172\" srcset=\"https:\/\/artefactonoticias.com\/wp-content\/uploads\/2024\/07\/1000226299-1024x537.jpg 1024w, https:\/\/artefactonoticias.com\/wp-content\/uploads\/2024\/07\/1000226299-300x157.jpg 300w, https:\/\/artefactonoticias.com\/wp-content\/uploads\/2024\/07\/1000226299-768x402.jpg 768w, https:\/\/artefactonoticias.com\/wp-content\/uploads\/2024\/07\/1000226299.jpg 1080w\" sizes=\"auto, (max-width: 1024px) 100vw, 1024px\" \/><\/figure>\n\n\n\n<ul class=\"wp-block-list\">\n<li>Arrojaron bombas molotov a un bar de esta capital, al parecer est\u00e1n relacionados en otros asuntos similares.<\/li>\n<\/ul>\n\n\n\n<p>MEXICALI, BAJA CALIFORNIA, A 3 DE JULIO DE 2024.- La Fiscal\u00eda General del Estado, obtuvo la vinculaci\u00f3n a proceso de tres presuntos integrantes de una c\u00e9lula delictiva procedente de Sonora, acusados de causar da\u00f1o a un restaurante bar.<\/p>\n\n\n\n<p>Con base a los elementos de prueba, presentados por el agente del Ministerio P\u00fablico adscrito a la Unidad de Investigaci\u00f3n de Delitos contra El Patrimonio, Sociedad, Estado y Justicia, el Juez de Control inicio proceso por los delitos de da\u00f1o en propiedad ajena agravada por incendio y terrorismo, adem\u00e1s concedi\u00f3 como medida cautelar de prisi\u00f3n preventiva y cuatro meses para fortalecer la investigaci\u00f3n.<\/p>\n\n\n\n<p>Los imputados son Arsenio \u201cN\u201d, Emmanuel \u201cN\u201d y Luis Andr\u00e9s \u201cN\u201d, a quienes se les acusa de los hechos delictivos que ocurrieron el pasado 17 de junio, cuando llegaron a bordo de un pick up Ford F150 color blanco, al bar \u201cLa Conse\u201d y arrojaron varias botellas de vidrio que conten\u00edan una sustancia inflamable (gasolina), a las que le prendieron fuego a la mecha con un encendedor.<\/p>\n\n\n\n<p>Cabe se\u00f1alar que los imputados fueron detenidos tras dar cumplimento a una orden de cateo en una vivienda de la colonia Pro-Hogar, donde fueron localizadas cinco armas largas, un arma corta, cargadores y 393 cartuchos \u00fatiles, varias botellas de vidrio con l\u00edquido inflamable que presuntamente ser\u00edan utilizadas en otros hechos similares, siendo asegurados estos integrantes de un grupo delictivo.<\/p>\n","protected":false},"excerpt":{"rendered":"<p>MEXICALI, BAJA CALIFORNIA, A 3 DE JULIO DE 2024.- La Fiscal\u00eda General del Estado, obtuvo&#8230;<\/p>\n","protected":false},"author":2,"featured_media":0,"comment_status":"open","ping_status":"open","sticky":false,"template":"","format":"standard","meta":{"om_disable_all_campaigns":false,"_monsterinsights_skip_tracking":false,"_monsterinsights_sitenote_active":false,"_monsterinsights_sitenote_note":"","_monsterinsights_sitenote_category":0,"_jetpack_memberships_contains_paid_content":false,"footnotes":""},"categories":[1],"tags":[],"class_list":["post-1171","post","type-post","status-publish","format-standard","hentry","category-sin-categoria"],"aioseo_notices":[],"jetpack_featured_media_url":"","jetpack_sharing_enabled":true,"_links":{"self":[{"href":"https:\/\/artefactonoticias.com\/index.php\/wp-json\/wp\/v2\/posts\/1171","targetHints":{"allow":["GET"]}}],"collection":[{"href":"https:\/\/artefactonoticias.com\/index.php\/wp-json\/wp\/v2\/posts"}],"about":[{"href":"https:\/\/artefactonoticias.com\/index.php\/wp-json\/wp\/v2\/types\/post"}],"author":[{"embeddable":true,"href":"https:\/\/artefactonoticias.com\/index.php\/wp-json\/wp\/v2\/users\/2"}],"replies":[{"embeddable":true,"href":"https:\/\/artefactonoticias.com\/index.php\/wp-json\/wp\/v2\/comments?post=1171"}],"version-history":[{"count":1,"href":"https:\/\/artefactonoticias.com\/index.php\/wp-json\/wp\/v2\/posts\/1171\/revisions"}],"predecessor-version":[{"id":1173,"href":"https:\/\/artefactonoticias.com\/index.php\/wp-json\/wp\/v2\/posts\/1171\/revisions\/1173"}],"wp:attachment":[{"href":"https:\/\/artefactonoticias.com\/index.php\/wp-json\/wp\/v2\/media?parent=1171"}],"wp:term":[{"taxonomy":"category","embeddable":true,"href":"https:\/\/artefactonoticias.com\/index.php\/wp-json\/wp\/v2\/categories?post=1171"},{"taxonomy":"post_tag","embeddable":true,"href":"https:\/\/artefactonoticias.com\/index.php\/wp-json\/wp\/v2\/tags?post=1171"}],"curies":[{"name":"wp","href":"https:\/\/api.w.org\/{rel}","templated":true}]}}