{"id":111,"date":"2023-05-09T15:46:50","date_gmt":"2023-05-09T22:46:50","guid":{"rendered":"https:\/\/artefactonoticias.com\/?p=111"},"modified":"2023-05-09T15:46:54","modified_gmt":"2023-05-09T22:46:54","slug":"comision-especial-aprueba-acuerdos-por-unanimidad-para-designar-titulares-de-organos-internos-de-control","status":"publish","type":"post","link":"https:\/\/artefactonoticias.com\/index.php\/2023\/05\/09\/comision-especial-aprueba-acuerdos-por-unanimidad-para-designar-titulares-de-organos-internos-de-control\/","title":{"rendered":"COMISI\u00d3N ESPECIAL APRUEBA ACUERDOS POR UNANIMIDAD PARA DESIGNAR TITULARES DE \u00d3RGANOS INTERNOS DE CONTROL"},"content":{"rendered":"\n<figure class=\"wp-block-image size-large\"><img loading=\"lazy\" decoding=\"async\" width=\"1024\" height=\"683\" src=\"https:\/\/artefactonoticias.com\/wp-content\/uploads\/2023\/05\/IMG-20230509-WA0076-1024x683.jpg\" alt=\"\" class=\"wp-image-110\" srcset=\"https:\/\/artefactonoticias.com\/wp-content\/uploads\/2023\/05\/IMG-20230509-WA0076-1024x683.jpg 1024w, https:\/\/artefactonoticias.com\/wp-content\/uploads\/2023\/05\/IMG-20230509-WA0076-300x200.jpg 300w, https:\/\/artefactonoticias.com\/wp-content\/uploads\/2023\/05\/IMG-20230509-WA0076-768x512.jpg 768w, https:\/\/artefactonoticias.com\/wp-content\/uploads\/2023\/05\/IMG-20230509-WA0076.jpg 1080w\" sizes=\"auto, (max-width: 1024px) 100vw, 1024px\" \/><\/figure>\n\n\n\n<p><\/p>\n\n\n\n<p>La Comisi\u00f3n Especial realiz\u00f3 su primera Sesi\u00f3n Ordinaria para emitir la convocatoria para designar a los OIC de diversos \u00d3rganos P\u00fablicos<\/p>\n\n\n\n<p>Mexicali, B. C. lunes 8 de mayo de 2023.- La Comisi\u00f3n Especial para designar a las personas Titulares de los \u00d3rganos Internos de Control (OIC) de la XXIV Legislatura del H. Congreso del Estado de Baja California, que preside la diputada Alejandra Mar\u00eda Ang Hern\u00e1ndez, llev\u00f3 a cabo su primera Sesi\u00f3n Ordinaria para emitir las Convocatorias para designar a los OIC de diversos \u00d3rganos P\u00fablicos.<\/p>\n\n\n\n<p>A propuesta de su presidenta, se presentaron, analizaron y aprobaron los Acuerdos n\u00famero 2, 3, 4 y 5, por los que se emite la convocatoria para el procedimiento relativo a la designaci\u00f3n de las personas titulares de los OIC del Tribunal Estatal de Justicia Administrativa (TEJA); del Instituto de Transparencia, Acceso a la Informaci\u00f3n P\u00fablica y Protecci\u00f3n de Datos Personales (ITAIP); de la Comisi\u00f3n Estatal de Derechos Humanos (CEDH) y de la Secretar\u00eda Ejecutiva del Sistema Estatal Anticorrupci\u00f3n (SEA), respectivamente, mismos que fueron aprobados por unanimidad.<\/p>\n\n\n\n<p>En el mismo sentido, fue presentado y aprobado por unanimidad, el Acuerdo n\u00famero 6, por el que se establecen especificaciones referentes al procedimiento relativo a la designaci\u00f3n de las personas titulares de los OIC. La diputada Alejandra Ang Hern\u00e1ndez, extern\u00f3 que este acuerdo se propuso con el fin de establecer algunas medidas para desarrollar acciones coordinadas que deber\u00e1n ejecutarse en conjunto con entes p\u00fablicos para el debido cumplimiento de las atribuciones y objeto de esta Comisi\u00f3n Especial.<\/p>\n\n\n\n<p>Ang Hern\u00e1ndez destaca la importancia que tiene el desahogo de estos procesos por parte del H. Congreso del Estado, ya que los \u00d3rganos Internos de Control son las Unidades Administrativas encargadas de prevenir, detectar y sancionar los actos de corrupci\u00f3n en las Dependencias, Entidades y dem\u00e1s entes p\u00fablicos sujetos a fiscalizaci\u00f3n; y que seg\u00fan la Constituci\u00f3n, es facultad exclusiva del Congreso designar por mayor\u00eda calificada, a los titulares de los \u00d3rganos Internos de Control de los entes p\u00fablicos antes mencionados, mediante convocatoria p\u00fablica.<\/p>\n\n\n\n<p>Dicha convocatoria se dar\u00e1 a conocer de forma p\u00fablica, al d\u00eda siguiente de la aprobaci\u00f3n por el Pleno del Congreso del Estado, en los portales de internet oficiales de los \u00f3rganos p\u00fablicos antes mencionados, en el Peri\u00f3dico Oficial del Estado y en dos diarios de mayor circulaci\u00f3n en la entidad. Asimismo, se solicitar\u00e1 a instituciones p\u00fablicas, as\u00ed como a las personas integrantes de la XXIV Legislatura del Poder Legislativo, su apoyo para la efectiva difusi\u00f3n de la convocatoria a trav\u00e9s de sus medios oficiales de comunicaci\u00f3n digital, tales como portales de internet y redes sociales.<\/p>\n\n\n\n<p>En la Sesi\u00f3n se cont\u00f3 con la presencia de las diputadas Roc\u00edo Adame Mu\u00f1oz y Alejandrina Corral Quintero, y del diputado Juan Manuel Molina Garc\u00eda, como integrantes de la Comisi\u00f3n Especial. De igual forma asistieron los diputados Manuel Guerrero Luna, presidente del Congreso del Estado y V\u00edctor Hugo Navarro Guti\u00e9rrez, presidente de la Comisi\u00f3n de Administraci\u00f3n y Finanzas.<\/p>\n","protected":false},"excerpt":{"rendered":"<p>La Comisi\u00f3n Especial realiz\u00f3 su primera Sesi\u00f3n Ordinaria para emitir la convocatoria para designar a&#8230;<\/p>\n","protected":false},"author":2,"featured_media":0,"comment_status":"open","ping_status":"open","sticky":false,"template":"","format":"standard","meta":{"om_disable_all_campaigns":false,"_monsterinsights_skip_tracking":false,"_monsterinsights_sitenote_active":false,"_monsterinsights_sitenote_note":"","_monsterinsights_sitenote_category":0,"_jetpack_memberships_contains_paid_content":false,"footnotes":""},"categories":[1],"tags":[],"class_list":["post-111","post","type-post","status-publish","format-standard","hentry","category-sin-categoria"],"aioseo_notices":[],"jetpack_featured_media_url":"","jetpack_sharing_enabled":true,"_links":{"self":[{"href":"https:\/\/artefactonoticias.com\/index.php\/wp-json\/wp\/v2\/posts\/111","targetHints":{"allow":["GET"]}}],"collection":[{"href":"https:\/\/artefactonoticias.com\/index.php\/wp-json\/wp\/v2\/posts"}],"about":[{"href":"https:\/\/artefactonoticias.com\/index.php\/wp-json\/wp\/v2\/types\/post"}],"author":[{"embeddable":true,"href":"https:\/\/artefactonoticias.com\/index.php\/wp-json\/wp\/v2\/users\/2"}],"replies":[{"embeddable":true,"href":"https:\/\/artefactonoticias.com\/index.php\/wp-json\/wp\/v2\/comments?post=111"}],"version-history":[{"count":1,"href":"https:\/\/artefactonoticias.com\/index.php\/wp-json\/wp\/v2\/posts\/111\/revisions"}],"predecessor-version":[{"id":112,"href":"https:\/\/artefactonoticias.com\/index.php\/wp-json\/wp\/v2\/posts\/111\/revisions\/112"}],"wp:attachment":[{"href":"https:\/\/artefactonoticias.com\/index.php\/wp-json\/wp\/v2\/media?parent=111"}],"wp:term":[{"taxonomy":"category","embeddable":true,"href":"https:\/\/artefactonoticias.com\/index.php\/wp-json\/wp\/v2\/categories?post=111"},{"taxonomy":"post_tag","embeddable":true,"href":"https:\/\/artefactonoticias.com\/index.php\/wp-json\/wp\/v2\/tags?post=111"}],"curies":[{"name":"wp","href":"https:\/\/api.w.org\/{rel}","templated":true}]}}